{"id":1,"date":"2008-11-25T11:51:22","date_gmt":"2008-11-25T17:51:22","guid":{"rendered":"http:\/\/www.e-quidam.com\/elblog\/?p=1"},"modified":"2009-04-20T17:27:13","modified_gmt":"2009-04-20T23:27:13","slug":"hello-world","status":"publish","type":"post","link":"http:\/\/www.e-quidam.com\/elblog\/hello-world\/","title":{"rendered":"Publicidad que Importa"},"content":{"rendered":"<p><a href=\"http:\/\/www.porlabellezareal.com.mx\/\"><img loading=\"lazy\" decoding=\"async\" class=\"alignright\" title=\"DOVE\" src=\"http:\/\/www.porlabellezareal.com.mx\/uploadedimages\/MX\/dsef07\/dsef_logo_190px.gif\" alt=\"\" width=\"190\" height=\"107\" \/><\/a><span>Una de las nuevas tendencias publicitarias es aquella de tomar temas de inter\u00e9s humano y aprovecharlos para promover un producto o servicio.\u00a0 Yo creo que si nos permiten ampliar la conciencia \u00a1qu\u00e9 mejor!\u00a0 Si esto vende m\u00e1s jabones o medicinas, o nos invita a ciertas tiendas de autoservicio, pues bi\u00e9n por esas marcas. <\/span><span>Un ejemplo de lo dicho es la camapa\u00f1a de <a href=\"http:\/\/www.porlabellezareal.com.mx\/dsef07\/t5.aspx?id=11748&amp;filmno=2\" target=\"_blank\">DOVE<\/a> para la belleza real, que se enfoca a ayudar a las ni\u00f1as a aceptarse o la de <a href=\"http:\/\/www.dow.com\/hu\/?story=bondBetweenUsAll\" target=\"_blank\">DOW CHEMICAL<\/a> , que nos hace concientes de nuestro planeta.\u00a0 Esperemos que esto se vea cada vez m\u00e1s, convirtiendo un instrumento de venta en una forma de regresar al humanismo, de compartir causas, de encontrarnos con nosotros mismos&#8230;y prosperar en el camino.\u00a0 No podemos darnos el lujo de continuar desconectados unos de otros, ignorantes de c\u00f3mo nos ha afectado la publicidad e impasibles a lo que debiera ocuparnos.<\/span><\/p>\n<p>En estos tiempos dif\u00edciles, ser\u00e1 importante poder maximizar los recursos para que sirvan al bien com\u00fan adem\u00e1s de a su prop\u00f3sito comercial.\u00a0\u00a0 As\u00ed como el arte encuentra una expresi\u00f3n digna a la vez que \u00fatil en la arquitectura y el dise\u00f1o de mobiliario, encontraremos cada vez m\u00e1s esfuerzos comerciales que se unen a las causas de la humanidad. \u00a0\u00a0 Si usamos el presupuesto publicitario para una labor social y adquirimos una verdadera responsabilidad con las causas que traemos a la luz p\u00fablica el mundo ser\u00e1 un poco mejor, las empresas adquirir\u00e1n un nombre ligado a algo profundamente significativo y la est\u00e9tica art\u00edstica volver\u00e1 a tomar su lugar en la expresi\u00f3n humana, sea \u00e9sta comercial o no.<\/p>\n","protected":false},"excerpt":{"rendered":"<p>Una de las nuevas tendencias publicitarias es aquella de tomar temas de inter\u00e9s humano y [&hellip;]<\/p>\n","protected":false},"author":1,"featured_media":0,"comment_status":"open","ping_status":"closed","sticky":false,"template":"","format":"standard","meta":{"footnotes":""},"categories":[3],"tags":[5,6],"class_list":["post-1","post","type-post","status-publish","format-standard","hentry","category-temasinteres","tag-etica","tag-valores"],"_links":{"self":[{"href":"http:\/\/www.e-quidam.com\/elblog\/wp-json\/wp\/v2\/posts\/1","targetHints":{"allow":["GET"]}}],"collection":[{"href":"http:\/\/www.e-quidam.com\/elblog\/wp-json\/wp\/v2\/posts"}],"about":[{"href":"http:\/\/www.e-quidam.com\/elblog\/wp-json\/wp\/v2\/types\/post"}],"author":[{"embeddable":true,"href":"http:\/\/www.e-quidam.com\/elblog\/wp-json\/wp\/v2\/users\/1"}],"replies":[{"embeddable":true,"href":"http:\/\/www.e-quidam.com\/elblog\/wp-json\/wp\/v2\/comments?post=1"}],"version-history":[{"count":10,"href":"http:\/\/www.e-quidam.com\/elblog\/wp-json\/wp\/v2\/posts\/1\/revisions"}],"predecessor-version":[{"id":90,"href":"http:\/\/www.e-quidam.com\/elblog\/wp-json\/wp\/v2\/posts\/1\/revisions\/90"}],"wp:attachment":[{"href":"http:\/\/www.e-quidam.com\/elblog\/wp-json\/wp\/v2\/media?parent=1"}],"wp:term":[{"taxonomy":"category","embeddable":true,"href":"http:\/\/www.e-quidam.com\/elblog\/wp-json\/wp\/v2\/categories?post=1"},{"taxonomy":"post_tag","embeddable":true,"href":"http:\/\/www.e-quidam.com\/elblog\/wp-json\/wp\/v2\/tags?post=1"}],"curies":[{"name":"wp","href":"https:\/\/api.w.org\/{rel}","templated":true}]}}