{"id":1081,"date":"2015-12-07T07:00:26","date_gmt":"2015-12-07T13:00:26","guid":{"rendered":"http:\/\/www.e-quidam.com\/elblog\/?p=1081"},"modified":"2015-11-30T17:03:40","modified_gmt":"2015-11-30T23:03:40","slug":"plan-2012-dia-7-disena-el-legado-que-deseas","status":"publish","type":"post","link":"http:\/\/www.e-quidam.com\/elblog\/plan-2012-dia-7-disena-el-legado-que-deseas\/","title":{"rendered":"#ElPlanQ, D\u00eda 7: Dise\u00f1a el legado que deseas"},"content":{"rendered":"<p><strong><em>D\u00eda 7 de este programa #ElPlanQ para crear un plan anual inspirador. Si llegaste primero aqu\u00ed, visita la p\u00e1gina de inicio del\u00a0<\/em><\/strong><a title=\"El Plan Personal Poderoso\" href=\"http:\/\/www.e-quidam.com\/elblog\/?page_id=908\" target=\"_blank\"><strong><em>PLAN<\/em><\/strong><\/a><strong><em>.\u00a0<\/em><\/strong><\/p>\n<p>Te felicito. Si has completado los seis pasos previos, est\u00e1s a un 20% de avance del programa que acelerar\u00e1 tu \u00e9xito en el a\u00f1o entrante. Si tienes cabos sueltos de los primeros 6 pasos, haz el prop\u00f3sito de terminarlos lo antes posible. (Si apenas llegaste al proceso, el plan inicia<strong><em>\u00a0<\/em><\/strong><a title=\"El Plan Personal Poderoso\" href=\"http:\/\/www.e-quidam.com\/elblog\/?page_id=908\" target=\"_blank\"><strong><em>AQU\u00cd<\/em><\/strong><\/a>)<\/p>\n<p>En esta semana, nos hemos enfocado en construir los fundamentos de tu plan anual. Muchos de ustedes reportan sentirse inspirados con este trabajo de preparaci\u00f3n. Esto es muy bueno ya que significa que sientes el poder de las fortalezas con las que has sido bendecido.\u00a0En los siguientes 7 d\u00edas, nos moveremos hacia la parte que muchos encuentran m\u00e1s retadora y recompensante del proceso de 31 d\u00edas. En la semana que viene, estaremos definiendo cada qui\u00e9n su legado, prop\u00f3sito de vida y visi\u00f3n actual.<\/p>\n<p>Antes de introducirte al Paso 7, \u201cDise\u00f1ando un legado por el cual valga la pena vivir\u201d, <strong>quiero advertirte<\/strong>. El trabajo que vas a hacer en los pr\u00f3ximos siete d\u00edas es muy, muy importante. Muchas personas pasan semanas, meses y a\u00f1os buscando el sentido de la vida. Muchos se benefician de tener un coach para reflexionar en estos temas tan centrales. El hecho de que los peinaremos aqu\u00ed, en solamente una semana, no demerita esos ejercicios m\u00e1s profundos o largos. Yo mismo me he dado a la tarea de estudiar dichos temas de manera m\u00e1s profunda. Te recomiendo ampliamente que uses esta semana \u00fanicamente como punto de partida y luego contin\u00faes con esta exploraci\u00f3n. <em>Abajo encontrar\u00e1s algunas sugerencias de c\u00f3mo hacer esto con la ayuda de Qu\u00eddam.<\/em><\/p>\n<p>Mi filosof\u00eda es que todos necesitamos un plan personal. Y no podemos esperar meses para tener uno. <strong>Creo firmemente que es mejor tener alg\u00fan plan, incluso si despu\u00e9s hay que ajustarlo y trabajarlo en el camino, que entrar al nuevo a\u00f1o sin tener un plan a la vista.<\/strong><\/p>\n<p>As\u00ed que olv\u00eddate de la perfecci\u00f3n y enf\u00f3cate en el avance. Sigue y completa cada paso en la siguiente semana y tengo plena confianza en que, a 7 d\u00edas del d\u00eda de hoy, tendr\u00e1s un renovado sentido de prop\u00f3sito y una sensaci\u00f3n m\u00e1s clara de tu visi\u00f3n personal.<\/p>\n<p>Ten calma, pues en los pr\u00f3ximos d\u00edas haremos juntos una gran cantidad de trabajo introspectivo.<\/p>\n<p>Steve Covey siempre ha recomendado \u201cempezar con el fin en mente.\u201d Yo creo que ese profundo consejo se aplica a la planeaci\u00f3n de vida que precede a este plan serio para el a\u00f1o.<\/p>\n<p>As\u00ed que vamos a imaginar que corre el tiempo y est\u00e1s en el fin de tu propia vida. Ahora preg\u00fantate:<\/p>\n<p><strong>\u00bfQu\u00e9 es lo que quieres que tus amigos, colegas y seres queridos digan de ti en tu funeral?\u00a0<\/strong><\/p>\n<p>Si, ya s\u00e9 que suena un tanto t\u00e9trico. Sin embargo, como ninguno de nosotros controla cu\u00e1ndo ser\u00e1 el final, es importante saber desde AHORA lo que queremos que digan para que podamos empezar a vivir de acuerdo con nuestro legado AHORA.<\/p>\n<p><strong>TODOS tenemos el poder de moldear nuestras vidas de tal manera que apoyen a nuestro legado elegido.<\/strong> En mi experiencia, la mayor\u00eda de las personas no lo hacen porque asumen que saben cu\u00e1ndo pasar\u00e1n a mejor vida y tendr\u00e1n mucho tiempo para enfocarse despu\u00e9s en su legado. Pues, obviamente, nadie sabe cu\u00e1nto tiempo tiene. As\u00ed que se vuelve importante empezar a vivir hacia el legado deseado \u00a1Ahora!<\/p>\n<p style=\"padding-left: 30px;\"><strong>El paso 7 es crear una lista de los seis atributos que te gustar\u00eda que las personas mencionaran al hablar de lo que se trat\u00f3 tu vida.\u00a0\u00bfQu\u00e9 es lo realmente importante para ti cuando enfocas tu vida en su totalidad? Pasa en limpio tu lista de los seis atributos en una hoja cuyo t\u00edtulo diga \u00abMi legado deseado\u00bb. Inicia la lista con esta afirmaci\u00f3n positiva: \u00abSer\u00e9 conocido como alguien que consistentemente se considera como:\u00bb<\/strong><\/p>\n<p>\u00a0Esta p\u00e1gina ir\u00e1 en el plan que compartir\u00e1s con tu Consejo Consultivo, as\u00ed que comprom\u00e9tete con crear una lista genuinamente tuya. Compromete tu vida de ahora en adelante para crear aquello por lo que quieres ser recordado. (No necesitas esperar a que se complete tu plan para empezar a vivir de manera consistente con el legado al que aspiras).<\/p>\n<p>Ma\u00f1ana estaremos conjuntando tu descripci\u00f3n de legado con una de tu prop\u00f3sito de vida, para asegurarnos de que tu plan anual est\u00e9 alineado con ambas.<\/p>\n<p style=\"text-align: right; padding-left: 120px;\"><em>Para ma\u00f1ana habr\u00e1s completado un poco m\u00e1s del 25% del proceso de planeaci\u00f3n. Si est\u00e1s encontrando \u00fatil este proceso, imagina lo que podr\u00eda hacer por algunos de tus amigos, seres queridos, colegas. Requiero de tu ayuda. Me he propuesto una meta audaz, con m\u00e1s de 10,000 personas de alto rendimiento comenzando el nuevo a\u00f1o y sabiendo que cuentan con un plan que les inspira. D\u00eda a d\u00eda observo evidencias de que el n\u00famero de participantes crece (aunque no puedo saber de manera precisa porque muy a prop\u00f3sito, no requiero que se registren). A\u00fan as\u00ed, estoy seguro de que me falta un buen trecho para lograr la meta que me he propuesto. Agradecer\u00eda la ayuda que puedas darme para invitar a otros a participar. M\u00e1ndalos a esta <a title=\"El Plan Personal Poderoso\" href=\"http:\/\/www.e-quidam.com\/elblog\/?page_id=908\" target=\"_blank\">p\u00e1gina<\/a>. Gracias de antemano.<\/em><\/p>\n<p><em>Cuando completes el paso 7, puedes acceder al <a title=\"Paso 8\" href=\"http:\/\/www.e-quidam.com\/elblog\/?p=1097\" target=\"_blank\">Paso 8<\/a>.<\/em><\/p>\n<p>&#8212;&#8212;&#8212;&#8212;&#8212;&#8212;&#8212;&#8212;&#8211;<\/p>\n<p><em><a href=\"http:\/\/www.e-quidam.com\/elblog\/wp-content\/uploads\/2008\/11\/Mone-Oficial-2011.jpg\"><img loading=\"lazy\" decoding=\"async\" title=\"Mone Oficial 2011\" src=\"http:\/\/www.e-quidam.com\/elblog\/wp-content\/uploads\/2008\/11\/Mone-Oficial-2011.jpg\" alt=\"\" width=\"110\" height=\"129\" \/><\/a><\/em><\/p>\n<p><em><a title=\"Monica Diaz de Peralta\" href=\"http:\/\/www.linkedin.com\/in\/monicadiazdeperalta\" target=\"_blank\">M\u00f3nica Diaz<\/a>\u00a0es Directora General de\u00a0<a title=\"Quidam Global\" href=\"http:\/\/www.quidamglobal.com\" target=\"_blank\">Qu\u00eddam Global<\/a>, una organizaci\u00f3n mexicana que desde 1994 est\u00e1 dedicada a\u00a0la creaci\u00f3n de cultura sana en las organizaciones y desarrollo de talento. Su modelo de Coaching Q ha servido a ejecutivos, directores, gerentes, coaches, profesores y personas de muy distintos \u00e1mbitos para crear capacidades de acci\u00f3n que les permiten generar cambios permanentes y evolutivos.<\/em><\/p>\n<p><em>Qu\u00eddam Global ofrece una gran diversidad de soluciones, como la prestigiosa metodolog\u00eda de El Elemento Humano\u00ae del Dr. Will Schutz, misma que constituye el centro de nuestro trabajo. Si te interesa fortalecer tu Plan Personal,\u00a0La Carrera Impl\u00edcita\u00ae (Implicit Career Search\u00ae) es un programa de origen canadiense, basado en El Elemento Humano\u00ae, que te\u00a0ayudar\u00e1 a generar un plan de vida y carrera, desde tu esencia hasta tu contribuci\u00f3n \u00fanica. \u00bfTe interesa?\u00a0Escr\u00edbenos a\u00a0<strong>contact@quidamglobal.com<\/strong>.\u00a0<\/em><em>Si est\u00e1s en Twitter, puedes seguirnos en la cuenta de\u00a0<a title=\"Quidam Global en Twitter\" href=\"http:\/\/www.twitter.com\/quidamglobal\" target=\"_blank\">Qu\u00eddam<\/a>\u00a0o en la de\u00a0<a title=\"M\u00f3nica Diaz en Twitter\" href=\"http:\/\/www.twitter.com\/monediaz\" target=\"_blank\">M\u00f3nica Diaz\u00a0<\/a>donde avisaremos de avances en el proceso de #ElPlanQ, o bien en nuestra p\u00e1gina de\u00a0<a title=\"Quidam en Facebook\" href=\"http:\/\/www.facebook.com\/quidamglobal\" target=\"_blank\">Facebook<\/a>.<\/em><\/p>\n<p><em>Este art\u00edculo fue escrito originalmente por\u00a0<a href=\"http:\/\/www.dave-carpenter.com\/\" target=\"_blank\">Dave Carpenter<\/a>. Adem\u00e1s de escribir un blog de manera regular, su trabajo puede leerse en diversas publicaciones de negocios y desarrollo personal. Dave es tambi\u00e9n el creador del\u00a0<a title=\"Accelerate Success Mentoring Program\" href=\"http:\/\/accelerate-success.com\/\" target=\"_blank\"><strong>Accelerate Success<\/strong>\u00a0mentoring program<\/a>\u00a0para l\u00edderes de alto desempe\u00f1o. M\u00f3nica Diaz es coach de varios de sus participantes en espa\u00f1ol. Si deseas, puedes\u00a0<a href=\"http:\/\/twitter.com\/dave_carpenter\" target=\"_blank\">seguir a\u00a0Dave\u00a0en Twitter<\/a>, e<a title=\"Dave Carpenter\" href=\"http:\/\/www.facebook.com\/dave.carpenter1#!\/dave.carpenter1\" target=\"_blank\">n Facebook<\/a>, y\/o\u00a0<a title=\"Dave Carpenter on Google+\" href=\"https:\/\/plus.google.com\/u\/0\/?tab=mX#112507964677505729189\/posts\" target=\"_blank\">\u00a0Google+<\/a>.<\/em><\/p>\n","protected":false},"excerpt":{"rendered":"<p>D\u00eda 7 de este programa #ElPlanQ para crear un plan anual inspirador. Si llegaste primero [&hellip;]<\/p>\n","protected":false},"author":1,"featured_media":0,"comment_status":"open","ping_status":"closed","sticky":false,"template":"","format":"standard","meta":{"footnotes":""},"categories":[59,60,45,3],"tags":[61,33,20,10,81,25,31,35,80,34],"class_list":["post-1081","post","type-post","status-publish","format-standard","hentry","category-el-plan-personal-poderoso","category-el-plan-q","category-plan-personal-de-exito","category-temasinteres","tag-elplanq","tag-aspiraciones","tag-desarrollo","tag-desarrollo-profesional","tag-el-plan-personal-poderoso","tag-energia","tag-exito","tag-incertidumbre","tag-productividad","tag-sabiduria"],"_links":{"self":[{"href":"http:\/\/www.e-quidam.com\/elblog\/wp-json\/wp\/v2\/posts\/1081","targetHints":{"allow":["GET"]}}],"collection":[{"href":"http:\/\/www.e-quidam.com\/elblog\/wp-json\/wp\/v2\/posts"}],"about":[{"href":"http:\/\/www.e-quidam.com\/elblog\/wp-json\/wp\/v2\/types\/post"}],"author":[{"embeddable":true,"href":"http:\/\/www.e-quidam.com\/elblog\/wp-json\/wp\/v2\/users\/1"}],"replies":[{"embeddable":true,"href":"http:\/\/www.e-quidam.com\/elblog\/wp-json\/wp\/v2\/comments?post=1081"}],"version-history":[{"count":20,"href":"http:\/\/www.e-quidam.com\/elblog\/wp-json\/wp\/v2\/posts\/1081\/revisions"}],"predecessor-version":[{"id":2143,"href":"http:\/\/www.e-quidam.com\/elblog\/wp-json\/wp\/v2\/posts\/1081\/revisions\/2143"}],"wp:attachment":[{"href":"http:\/\/www.e-quidam.com\/elblog\/wp-json\/wp\/v2\/media?parent=1081"}],"wp:term":[{"taxonomy":"category","embeddable":true,"href":"http:\/\/www.e-quidam.com\/elblog\/wp-json\/wp\/v2\/categories?post=1081"},{"taxonomy":"post_tag","embeddable":true,"href":"http:\/\/www.e-quidam.com\/elblog\/wp-json\/wp\/v2\/tags?post=1081"}],"curies":[{"name":"wp","href":"https:\/\/api.w.org\/{rel}","templated":true}]}}