{"id":1097,"date":"2015-12-08T07:00:14","date_gmt":"2015-12-08T13:00:14","guid":{"rendered":"http:\/\/www.e-quidam.com\/elblog\/?p=1097"},"modified":"2015-11-30T17:05:53","modified_gmt":"2015-11-30T23:05:53","slug":"plan-2012-dia-8-disena-tu-proposito-de-vida","status":"publish","type":"post","link":"http:\/\/www.e-quidam.com\/elblog\/plan-2012-dia-8-disena-tu-proposito-de-vida\/","title":{"rendered":"#ElPlanQ, D\u00eda 8: Dise\u00f1a tu prop\u00f3sito de vida"},"content":{"rendered":"<p><strong><em>D\u00eda 8 de este programa #ElPlanQ para crear un plan anual inspirador. Si llegaste primero aqu\u00ed, visita la p\u00e1gina de inicio del\u00a0<a title=\"El Plan Personal Poderoso\" href=\"http:\/\/www.e-quidam.com\/elblog\/?page_id=908\" target=\"_blank\">PLAN<\/a>.\u00a0<\/em><\/strong><\/p>\n<p>Una vez que pensaste sobre el legado (<a title=\"Paso 7\" href=\"http:\/\/www.e-quidam.com\/elblog\/?p=1081\" target=\"_blank\">Paso 7<\/a>) que quieres construir, es tiempo de enfocar el asunto relacionado con tu prop\u00f3sito de vida. Para el Paso 8, desarrollar\u00e1s en una oraci\u00f3n, una descripci\u00f3n de tu prop\u00f3sito de vida.<\/p>\n<p>Quiero que sepas que traigo puesto mi chaleco grueso, para defenderme de los cr\u00edticos que me han dicho que es rid\u00edculo pedir a las personas que definan en 24 horas su prop\u00f3sito de vida.\u00a0(Lo ir\u00f3nico es que algunos de esos cr\u00edticos son profesionales que est\u00e1n pidiendo a la gente que haga toda clase de cosas sin considerar siquiera su prop\u00f3sito en la vida. \u00bfQu\u00e9 tanto sentido tiene, por ejemplo, aprender a optimizar tu tiempo si no has definido a qu\u00e9 aspiras en la vida? Quiz\u00e1s no seas capaz de definir perfectamente tu prop\u00f3sito de vida en 24 horas, pero considero que al seguir el proceso (en los pasos de hoy y ma\u00f1ana) crear\u00e1s al menos un buen punto de inicio para exploraci\u00f3n futura.<\/p>\n<p>Para muchas personas, descubrir su prop\u00f3sito de vida es, de hecho, la tarea de toda una existencia. Y espero que as\u00ed lo sea tambi\u00e9n para ti, ya que creo firmemente que mantener la mente abierta con respecto de tu prop\u00f3sito de vida es maravilloso, tema digno de reflexi\u00f3n de hoy y hasta el \u00faltimo de tus d\u00edas. Te invito a leer sobre el tema, acudir a cursos y programas dise\u00f1ados para ayudarte a descubrirlo, meditar sobre \u00e9l o hacer lo que t\u00fa requieras para profundizar tu entendimiento de este t\u00f3pico tan importante. Rick Warren tiene un best-seller, <a title=\"The Purpose Driven Life\" href=\"http:\/\/www.amazon.com\/Purpose-Driven%C2%AE-Life-What-Earth\/dp\/0310276993\" target=\"_blank\"><strong><em>The Purpose Driven Life<\/em><\/strong><\/a>, (<a title=\"Una Vida Con Prop\u00f3sito\" href=\"http:\/\/articulo.mercadolibre.com.mx\/MLM-73186080-libro-una-vida-con-proposito-rick-warren-_JM\" target=\"_blank\">Una Vida con Prop\u00f3sito<\/a>) en el que presenta un programa que cuesta s\u00f3lo lo que inviertes en el libro, (menos de USD$15) y los programas de <a title=\"Aspiraciones\" href=\"http:\/\/quidamglobal.com\/portal\/teoria-de-aspiraciones\/\" target=\"_blank\"><strong><em>Aspiraciones<\/em><\/strong><\/a>\u00a0y <strong><a title=\"La Carrera Impl\u00edcita\" href=\"http:\/\/quidamglobal.com\/portal\/la-carrera-implicita\/\" target=\"_blank\">La Carrera Impl\u00edcita<\/a><\/strong> de Qu\u00eddam se enfocan tambi\u00e9n en el tema.<\/p>\n<p>Para m\u00ed, el camino a la claridad con respecto de mi prop\u00f3sito en la vida comenz\u00f3 hace mucho tiempo. Ahora miro hacia atr\u00e1s y me r\u00edo de cu\u00e1nta energ\u00eda le pon\u00eda a perseguir mis sue\u00f1os sin acercarme nunca a este cuestionamiento tan importante. Mi vida era una serie de b\u00fasquedas para llegar a metas que eran, en retrospectiva, la mayor parte de ellas basadas en el ego. Es bueno que haya logrado \u00e9xitos poco com\u00fanes en las carreras de autom\u00f3viles a una corta edad. Y es lindo que fui el oficial m\u00e1s j\u00f3ven de la historia en un banco importante y el socio consultor m\u00e1s j\u00f3ven en una de las grandes firmas de contabilidad, y as\u00ed sucesivamente. Pero, \u00bfde qu\u00e9 se trata la vida? \u00bfSe tratar\u00e1 de algo m\u00e1s, aparte de llegar a cierto lugar antes que alguien m\u00e1s? Ahora me doy cuenta que esas efem\u00e9rides simplemente me estaban preparando para mi verdadero prop\u00f3sito en la vida.<\/p>\n<p>Ma\u00f1ana compartir\u00e9 contigo mi propio prop\u00f3sito de vida. (y te dar\u00e9 el <a title=\"Paso 9\" href=\"http:\/\/www.e-quidam.com\/elblog\/?p=1109\" target=\"_blank\">Paso 9<\/a> tambi\u00e9n). Pero por ahora, quiero que reflexiones sobre el tema y escribas un borrador en una sola oraci\u00f3n de lo que es tu prop\u00f3sito en la vida.<\/p>\n<p>Como en todos los pasos anteriores, escribe aunque sea una hip\u00f3tesis preliminar. Siempre podr\u00e1s regresar a pulirla m\u00e1s adelante. Lo m\u00e1s importante es que veas como todos los elementos del proceso se entretejen. Atorarte en uno de los pasos, preocup\u00e1ndote de m\u00e1s por la perfecci\u00f3n, te estorbar\u00e1 en el procedimiento iterativo que he incluido en este dise\u00f1o para que hagas un peque\u00f1o paso al d\u00eda. (Si batallas con el perfeccionismo a\u00fan, podr\u00edas leer este comentario de Janet Vanderhoof:\u00a0<a title=\"Perfectionism: What a Killer!\" href=\"http:\/\/accelerate-success.com\/tips\/2009\/12\/08\/perfectionism-what-a-killer\/\" target=\"_blank\"><strong><em>Perfectionism: What a Killer!<\/em><\/strong><\/a>\u00a0)<\/p>\n<p>Cuando hayas completado el borrador de tu prop\u00f3sito \u2013y s\u00f3lo entonces (no te adelantes)\u2013 echa un vistazo a la p\u00e1gina\u00a0<a href=\"http:\/\/www.dave-carpenter.com\/dave_carpenter.html\">Dave Carpenter<\/a> a ver si logras distinguir c\u00f3mo se entreteje mi propio prop\u00f3sito en todo lo que hago. Y si quieres leer el que hizo M\u00f3nica en 2009, lo poste\u00f3 en la <a title=\"Facebook de Qu\u00eddam Global\" href=\"http:\/\/www.facebook.com\/quidamglobal\" target=\"_blank\">p\u00e1gina de Qu\u00eddam <\/a>en Facebook (deja tu comentario)<\/p>\n<p>Conforme obtengas claridad sobre tu prop\u00f3sito y vivas tu vida a prop\u00f3sito, experimentar\u00e1s una sensaci\u00f3n de paz. Y ver\u00e1s que tu plan anual se convierte, de ser una lista de cosas por hacer en un poderoso facilitador del \u00e9xito acelerado que requieres para vivir tu vida con prop\u00f3sito.<\/p>\n<p>Finalmente, si has completado los primeros ocho pasos en este proceso de 31 d\u00edas, ya vas m\u00e1s adelante del 25% del proceso. \u00a1Vamos adelante y muy pronto estar\u00e1s aprovechando al m\u00e1ximo tus fortalezas!<\/p>\n<p>Cuando hayas completado el paso 8 podr\u00e1s acceder al <a title=\"Paso 9\" href=\"http:\/\/www.e-quidam.com\/elblog\/?p=1109\" target=\"_blank\">Paso 9<\/a>.<\/p>\n<p>Si deseas recibir un aviso diario en correo electr\u00f3nico suscr\u00edbete en el icono de la parte superior derecha y que parece un sobre. As\u00ed, te llegar\u00e1n autom\u00e1ticamente las nuevas entradas de este blog.<\/p>\n<p>Si te pierdes un d\u00eda, por cualquier raz\u00f3n, simplemente regresa lo antes possible. No te culpes, solo vuelve al proceso.<\/p>\n<p>Si tienes preguntas sobre cualquier paso o si quieres hacer alg\u00fan comentario del proceso, puedes escribir aqu\u00ed abajo o en nuestra p\u00e1gina de\u00a0<a title=\"Quidam en Facebook\" href=\"http:\/\/www.facebook.com\/quidamglobal\" target=\"_blank\">Facebook<\/a>, as\u00ed todos se beneficiar\u00e1n de lo que conversemos.<\/p>\n<p><strong><strong>Nota importante: Si llegaste primero a este paso, a\u00fan no es tarde para unirte a las otras personas de alto desempe\u00f1o que est\u00e1n colaborando para seguir los pasos que se revelan d\u00eda a d\u00eda en este espacio. Puedes empezar\u00a0<a title=\"El Plan Personal Poderoso\" href=\"http:\/\/www.e-quidam.com\/elblog\/?page_id=908\" target=\"_blank\">aqu\u00ed<\/a><strong><strong>.\u00a0<\/strong><\/strong><\/strong><\/strong><\/p>\n<p>&#8212;&#8212;&#8212;&#8212;&#8212;&#8212;&#8212;&#8212;&#8211;<\/p>\n<p><em><a href=\"http:\/\/www.e-quidam.com\/elblog\/wp-content\/uploads\/2008\/11\/Mone-Oficial-2011.jpg\"><img loading=\"lazy\" decoding=\"async\" title=\"Mone Oficial 2011\" src=\"http:\/\/www.e-quidam.com\/elblog\/wp-content\/uploads\/2008\/11\/Mone-Oficial-2011.jpg\" alt=\"\" width=\"110\" height=\"129\" \/><\/a><\/em><\/p>\n<p><em><a title=\"Monica Diaz de Peralta\" href=\"http:\/\/www.linkedin.com\/in\/monicadiazdeperalta\" target=\"_blank\">M\u00f3nica Diaz<\/a>\u00a0es Directora General de\u00a0<a title=\"Quidam Global\" href=\"http:\/\/www.quidamglobal.com\" target=\"_blank\">Qu\u00eddam Global<\/a>, una organizaci\u00f3n mexicana que desde 1994 est\u00e1 dedicada a\u00a0la creaci\u00f3n de cultura sana en las organizaciones y desarrollo de talento. Su modelo de Coaching Q ha servido a ejecutivos, directores, gerentes, coaches, profesores y personas de muy distintos \u00e1mbitos para crear capacidades de acci\u00f3n que les permiten generar cambios permanentes y evolutivos.<\/em><\/p>\n<p><em>Qu\u00eddam Global ofrece una gran diversidad de soluciones, como la prestigiosa metodolog\u00eda de El Elemento Humano\u00ae del Dr. Will Schutz, misma que constituye el centro de nuestro trabajo. Si te interesa fortalecer tu Plan Personal,\u00a0La Carrera Impl\u00edcita\u00ae (Implicit Career Search\u00ae) es un programa de origen canadiense, basado en El Elemento Humano\u00ae, que te\u00a0ayudar\u00e1 a generar un plan de vida y carrera, desde tu esencia hasta tu contribuci\u00f3n \u00fanica. \u00bfTe interesa?\u00a0Escr\u00edbenos a\u00a0<strong>contact@quidamglobal.com<\/strong>.\u00a0<\/em><em>Si est\u00e1s en Twitter, puedes seguirnos en la cuenta de\u00a0<a title=\"Quidam Global en Twitter\" href=\"http:\/\/www.twitter.com\/quidamglobal\" target=\"_blank\">Qu\u00eddam<\/a>\u00a0o en la de\u00a0<a title=\"M\u00f3nica Diaz en Twitter\" href=\"http:\/\/www.twitter.com\/monediaz\" target=\"_blank\">M\u00f3nica Diaz\u00a0<\/a>donde avisaremos de avances en el proceso de #ElPlanQ, o bien en nuestra p\u00e1gina de\u00a0<a title=\"Quidam en Facebook\" href=\"http:\/\/www.facebook.com\/quidamglobal\" target=\"_blank\">Facebook<\/a>.<\/em><\/p>\n<p><em>Este art\u00edculo fue escrito originalmente por\u00a0<a href=\"http:\/\/www.dave-carpenter.com\/\" target=\"_blank\">Dave Carpenter<\/a>. Adem\u00e1s de escribir un blog de manera regular, su trabajo puede leerse en diversas publicaciones de negocios y desarrollo personal. Dave es tambi\u00e9n el creador del\u00a0<a title=\"Accelerate Success Mentoring Program\" href=\"http:\/\/accelerate-success.com\/\" target=\"_blank\"><strong>Accelerate Success<\/strong>\u00a0mentoring program<\/a>\u00a0para l\u00edderes de alto desempe\u00f1o. M\u00f3nica Diaz es coach de varios de sus participantes en espa\u00f1ol. Si deseas, puedes\u00a0<a href=\"http:\/\/twitter.com\/dave_carpenter\" target=\"_blank\">seguir a\u00a0Dave\u00a0en Twitter<\/a>, e<a title=\"Dave Carpenter\" href=\"http:\/\/www.facebook.com\/dave.carpenter1#!\/dave.carpenter1\" target=\"_blank\">n Facebook<\/a>, y\/o\u00a0<a title=\"Dave Carpenter on Google+\" href=\"https:\/\/plus.google.com\/u\/0\/?tab=mX#112507964677505729189\/posts\" target=\"_blank\">\u00a0Google+<\/a>.<\/em><\/p>\n","protected":false},"excerpt":{"rendered":"<p>D\u00eda 8 de este programa #ElPlanQ para crear un plan anual inspirador. Si llegaste primero [&hellip;]<\/p>\n","protected":false},"author":1,"featured_media":0,"comment_status":"open","ping_status":"closed","sticky":false,"template":"","format":"standard","meta":{"footnotes":""},"categories":[59,60,45,3],"tags":[61,33,20,10,81,25,31,35,80,34],"class_list":["post-1097","post","type-post","status-publish","format-standard","hentry","category-el-plan-personal-poderoso","category-el-plan-q","category-plan-personal-de-exito","category-temasinteres","tag-elplanq","tag-aspiraciones","tag-desarrollo","tag-desarrollo-profesional","tag-el-plan-personal-poderoso","tag-energia","tag-exito","tag-incertidumbre","tag-productividad","tag-sabiduria"],"_links":{"self":[{"href":"http:\/\/www.e-quidam.com\/elblog\/wp-json\/wp\/v2\/posts\/1097","targetHints":{"allow":["GET"]}}],"collection":[{"href":"http:\/\/www.e-quidam.com\/elblog\/wp-json\/wp\/v2\/posts"}],"about":[{"href":"http:\/\/www.e-quidam.com\/elblog\/wp-json\/wp\/v2\/types\/post"}],"author":[{"embeddable":true,"href":"http:\/\/www.e-quidam.com\/elblog\/wp-json\/wp\/v2\/users\/1"}],"replies":[{"embeddable":true,"href":"http:\/\/www.e-quidam.com\/elblog\/wp-json\/wp\/v2\/comments?post=1097"}],"version-history":[{"count":25,"href":"http:\/\/www.e-quidam.com\/elblog\/wp-json\/wp\/v2\/posts\/1097\/revisions"}],"predecessor-version":[{"id":2142,"href":"http:\/\/www.e-quidam.com\/elblog\/wp-json\/wp\/v2\/posts\/1097\/revisions\/2142"}],"wp:attachment":[{"href":"http:\/\/www.e-quidam.com\/elblog\/wp-json\/wp\/v2\/media?parent=1097"}],"wp:term":[{"taxonomy":"category","embeddable":true,"href":"http:\/\/www.e-quidam.com\/elblog\/wp-json\/wp\/v2\/categories?post=1097"},{"taxonomy":"post_tag","embeddable":true,"href":"http:\/\/www.e-quidam.com\/elblog\/wp-json\/wp\/v2\/tags?post=1097"}],"curies":[{"name":"wp","href":"https:\/\/api.w.org\/{rel}","templated":true}]}}