{"id":1124,"date":"2015-12-10T07:00:25","date_gmt":"2015-12-10T13:00:25","guid":{"rendered":"http:\/\/www.e-quidam.com\/elblog\/?p=1124"},"modified":"2015-11-30T17:06:42","modified_gmt":"2015-11-30T23:06:42","slug":"1124","status":"publish","type":"post","link":"http:\/\/www.e-quidam.com\/elblog\/1124\/","title":{"rendered":"#ElPlanQ, D\u00eda 10: Define los elementos de un plan poderoso e inspirador."},"content":{"rendered":"<blockquote><p><strong>D\u00eda 10 de este programa #ElPlanQ para crear un plan anual inspirador. Si llegaste primero aqu\u00ed, visita la p\u00e1gina de inicio del\u00a0<\/strong><a title=\"El Plan Personal Poderoso\" href=\"http:\/\/www.e-quidam.com\/elblog\/?page_id=908\" target=\"_blank\"><strong>PLAN<\/strong><\/a><strong>.\u00a0<\/strong><\/p><\/blockquote>\n<p>Estoy viendo y oyendo mucha evidencia de que algunos de ustedes est\u00e1n adelant\u00e1ndose a s\u00ed mismos, o por lo menos adelant\u00e1ndose a este proceso. Si ya est\u00e1s dise\u00f1ando estrategias, t\u00e1cticas o metas para el a\u00f1o, est\u00e1s acelerando de m\u00e1s. Est\u00e1s tratando de poner el techo de la casa, cuando a\u00fan no has completado los cimientos y no has puesto las paredes. Me encanta tu actitud de puedo-hacerlo y termino-lo-que-empiezo.<\/p>\n<p>Pero&#8230;<\/p>\n<p><strong>Los que obtendr\u00e1n m\u00e1s de este proceso, ser\u00e1n aquellos que procedan <a title=\"El Plan, Paso a Paso (\u00cdndice)\" href=\"http:\/\/www.e-quidam.com\/elblog\/?page_id=2029\" target=\"_blank\">paso-a-paso<\/a>.<\/strong><\/p>\n<p>Para aquellos que est\u00e1n haci\u00e9ndolo as\u00ed, estoy escuchando sobre los maravillosos cimientos que est\u00e1n estableciendo. Algunos de ustedes ya est\u00e1n descubriendo pensamientos, a trav\u00e9s de construir cimientos s\u00f3lidos, sobre todo lo que pueden hacer con el plan correcto y comprometi\u00e9ndose a seguirlo durante el a\u00f1o. \u00a1Incre\u00edble!<\/p>\n<p>As\u00ed que, manteng\u00e1monos enfocados. La <strong>meta de la semana<\/strong> para ti es crear una Visi\u00f3n poderosa. Ayer, en el <a title=\"#ElPlanQ, D\u00eda 9: Define los elementos de una visi\u00f3n actual poderosa\" href=\"http:\/\/www.e-quidam.com\/elblog\/?p=1109\" target=\"_blank\">Paso 9<\/a>, tuviste que definir los elementos que quieres incluir en tu declaraci\u00f3n de visi\u00f3n poderosa. Tuviste que escuchar tambi\u00e9n un audio especial que aborda 6 barreras para las compa\u00f1\u00edas e individuos, cuando se enfrentan a crear declaraciones de Visi\u00f3n poderosas e inspiradoras. Si no escuchaste el audio ayer, aqu\u00ed est\u00e1 otra vez la liga para acceder a ese audio de menos de 20 minutos.<\/p>\n<p><a title=\"Audio Visi\u00f3n\" href=\"http:\/\/dl.dropbox.com\/u\/34114038\/VISION.mp3\" target=\"_blank\">Escucha el audio<\/a><\/p>\n<p><span style=\"color: #ff0000;\"><strong>Te pido que escuches este audio y absorbas el mensaje, antes de tratar de completar el Paso 10, pues la informaci\u00f3n que es aplicable a este paso se incluye en el audio.<\/strong><\/span><\/p>\n<p>Como se describe en la conversaci\u00f3n del audio, sobre las seis barreras que los individuos experimentan y que evitan que optimicen sus pensamientos acerca de su potencial, muchas personas sufren de un conflicto de ideas, acerca de lo que resulta m\u00e1s importante en sus vidas. Ellas separan su profesi\u00f3n, su familia, su salud, etc., y de manera subliminal tienen a aquellos elementos peleando entre s\u00ed, en lugar de apoy\u00e1ndose mutuamente.<\/p>\n<p><strong>Tu Visi\u00f3n personal ser\u00e1 <\/strong><strong>realmente<\/strong><strong> poderosa e inspiradora cuando t\u00fa <\/strong><strong>realmente<\/strong><strong> creas que los varios elementos que son importantes para ti est\u00e1n dise\u00f1ados de una forma en que se apoyan mutuamente, en vez de contraponerse.<\/strong><\/p>\n<p>Por ejemplo, si ves que el \u00e9xito profesional est\u00e1 en conflicto con la posibilidad de tener el tipo de salud f\u00edsica a la que aspiras, est\u00e1s poniendo estos dos elementos a competir. \u00bfD\u00f3nde est\u00e1 escrito que el no tener una buena, o excelente salud f\u00edsica, debe ser el costo por tener \u00e9xito profesional? O, \u00bfd\u00f3nde est\u00e1 escrito que el tener una buena familia implica que debemos sacrificar la buena salud f\u00edsica?<\/p>\n<p>Ya estoy escuchando la l\u00ednea del coro de \u201cDave, \u00a1Ub\u00edcate!\u201d, \u201cNinguno de nosotros puede tener todo en la vida\u201d.<\/p>\n<p><strong>Bueno, puedes no ser capaz de tener todo en la vida, pero estoy muy, muy confiado en que puedes obtener mucho m\u00e1s de tu vida cuando te tomas un tiempo para alinear los elementos que quieres incluir en tu Visi\u00f3n personal.<\/strong><\/p>\n<p>As\u00ed que, abre tu mente (y otra vez, si no has escuchado a\u00fan el audio, por favor hazlo AHORA, de tal forma que te liberes de las barreras de tener una mente abierta, respecto de crear una Visi\u00f3n poderosa e inspiradora).<\/p>\n<p><a title=\"Audio Visi\u00f3n\" href=\"http:\/\/dl.dropbox.com\/u\/34114038\/VISION.mp3\" target=\"_blank\">Escucha el audio<\/a><\/p>\n<p>Toma tu lista de elementos del <a title=\"#ElPlanQ, D\u00eda 9: Define los elementos de una visi\u00f3n actual poderosa\" href=\"http:\/\/www.e-quidam.com\/elblog\/?p=1109\" target=\"_blank\">Paso 9<\/a> que quieres incluir en tu Visi\u00f3n poderosa e inspiradora y, debajo de cada uno de los elementos, coloca los otros elementos que creas que puedes hacer que apoyen al elemento en cuesti\u00f3n. As\u00ed, si disfrutar de una maravillosa relaci\u00f3n familiar es uno de los elementos en tu Visi\u00f3n (como lo es en la m\u00eda), considera si puedes y de qu\u00e9 forma podr\u00e1s colocar todos los otros elementos apoyando el disfrutar de una maravillosa vida familiar.<\/p>\n<p>Por experiencia, s\u00e9 que cuando la gente realmente trabaja en este paso con una mente abierta, r\u00e1pidamente decide que est\u00e1 en su poder el dar forma a una vida donde la mayor parte, si no es que todos los elementos, pueden apoyarse entre s\u00ed. <strong>\u00bfPuedes ver una manera en la que -con cambiar la forma en que decides operar tu vida- puedas lograr que cada elemento apoye a cada uno de los otros?<\/strong><\/p>\n<p><span style=\"color: #3366ff;\">Si tienes dificultad para alinear alg\u00fan elemento, \u00e9ste puede ser un buen pretexto para acercarte a tu coach (si es que tienes alguno) o mentor, o consejero de confianza, para discutir c\u00f3mo puedes mejorar la alineaci\u00f3n en tu vida. No tienes que solucionar instant\u00e1neamente esta condici\u00f3n de no-alineaci\u00f3n. Pero, debes ver c\u00f3mo los elementos en conflicto pueden <strong>potencialmente<\/strong> alinearse.<\/span><\/p>\n<p><strong>Si crees que cualquier elemento importante de tu Visi\u00f3n est\u00e1 en conflicto con otro(s) de sus elementos, esto dificultar\u00e1 la posibilidad de que tu Visi\u00f3n sea poderosa para ti. <\/strong>Te inundar\u00e1 el estr\u00e9s de enfocar\/evadir. Pensar\u00e1s que quieres algo pero de manera subliminal estar\u00e1s evitando ir tras lo que quieres, debido a que temes que eso destruya otras cosas importantes para ti.<\/p>\n<p>As\u00ed que, construye una lista de los elementos que apoyar\u00e1n a cada elemento. Hacer esto te dar\u00e1 confianza para crear una Visi\u00f3n poderosa, que te d\u00e9 un sentido de paz personal. La paz eliminar\u00e1 una gran p\u00e9rdida de energ\u00eda y te ayudar\u00e1 a tener la energ\u00eda para implementar tu Plan Personal.<\/p>\n<p>Ma\u00f1ana, aligeraremos la carga de tu planeaci\u00f3n. Escoger\u00e1s algunos modelos y otros mecanismos de apoyo para tu Visi\u00f3n poderosa. La mayor\u00eda de los participantes encuentra este paso como un divertido y agradable cambio de ritmo. Despu\u00e9s, al siguiente d\u00eda, esbozar\u00e1s tu declaraci\u00f3n de Visi\u00f3n. Posteriormente, estar\u00e1s puliendo esa declaraci\u00f3n para el paquete que eventualmente mostrar\u00e1s ante tu Consejo Consultivo. (Y yo estar\u00e9 compartiendo mi declaraci\u00f3n de Visi\u00f3n personal con aquellos que decidan enviarme un correo con la evidencia de que han completado este importante paso).<\/p>\n<p>Estamos tomando la mayor parte de la semana en el desarrollo de tu declaraci\u00f3n de Visi\u00f3n, debido a su importancia. <strong>Ap\u00e9gate al proceso<\/strong>. No sientas la necesidad de ponerte metas, a\u00fan. T\u00f3mate el tiempo de crear una Visi\u00f3n que te d\u00e9 placer, que te inspire, y -quiz\u00e1s por primera vez- que saque el mayor provecho de tus fortalezas.<\/p>\n<p>Ah, y no olvides celebrar todo el d\u00eda de ma\u00f1ana, portando tu mejor sonrisa, sabiendo que cuando completes este paso, tendr\u00e1s 1\/3 del camino para tener el plan de \u00e9xito personal que mereces. \u00a1Felicidades!<\/p>\n<p>Cuando hayas completado el Paso 10, puedes acceder al <a title=\"Paso 11\" href=\"http:\/\/www.e-quidam.com\/elblog\/?p=1152\" target=\"_blank\">Paso 11<\/a>.<\/p>\n<p>Si deseas recibir un aviso diario en correo electr\u00f3nico suscr\u00edbete en el icono de la parte superior derecha y que parece un sobre. As\u00ed, te llegar\u00e1n autom\u00e1ticamente las nuevas entradas de este blog.<\/p>\n<p>Si te pierdes un d\u00eda, por cualquier raz\u00f3n, simplemente regresa lo antes posible. No te culpes, solo vuelve al proceso.<\/p>\n<p>Si tienes preguntas sobre cualquier paso o si quieres hacer alg\u00fan comentario del proceso, puedes escribir aqu\u00ed abajo o en nuestra p\u00e1gina de\u00a0<a title=\"Quidam en Facebook\" href=\"http:\/\/www.facebook.com\/quidamglobal\" target=\"_blank\">Facebook<\/a>, as\u00ed todos se beneficiar\u00e1n de lo que conversemos.<\/p>\n<p><strong><strong>Nota importante: Si llegaste primero a este paso, a\u00fan no es tarde para unirte a las otras personas de alto desempe\u00f1o que est\u00e1n colaborando para seguir los pasos que se revelan d\u00eda a d\u00eda en este espacio. Puedes empezar\u00a0<a title=\"El Plan Personal Poderoso\" href=\"http:\/\/www.e-quidam.com\/elblog\/?page_id=908\" target=\"_blank\">aqu\u00ed<\/a><strong><strong>.\u00a0<\/strong><\/strong><\/strong><\/strong><\/p>\n<p>&#8212;&#8212;&#8212;&#8212;&#8212;&#8212;&#8212;&#8212;&#8211;<\/p>\n<p><em><a href=\"http:\/\/www.e-quidam.com\/elblog\/wp-content\/uploads\/2008\/11\/Mone-Oficial-2011.jpg\"><img loading=\"lazy\" decoding=\"async\" title=\"Mone Oficial 2011\" src=\"http:\/\/www.e-quidam.com\/elblog\/wp-content\/uploads\/2008\/11\/Mone-Oficial-2011.jpg\" alt=\"\" width=\"110\" height=\"129\" \/><\/a><\/em><\/p>\n<p><em><a title=\"Monica Diaz de Peralta\" href=\"http:\/\/www.linkedin.com\/in\/monicadiazdeperalta\" target=\"_blank\">M\u00f3nica Diaz<\/a>\u00a0es Directora General de\u00a0<a title=\"Quidam Global\" href=\"http:\/\/www.quidamglobal.com\" target=\"_blank\">Qu\u00eddam Global<\/a>, una organizaci\u00f3n mexicana que desde 1994 est\u00e1 dedicada a\u00a0la creaci\u00f3n de cultura sana en las organizaciones y desarrollo de talento. Su modelo de Coaching Q ha servido a ejecutivos, directores, gerentes, coaches, profesores y personas de muy distintos \u00e1mbitos para crear capacidades de acci\u00f3n que les permiten generar cambios permanentes y evolutivos.<\/em><\/p>\n<p><em>Qu\u00eddam Global ofrece una gran diversidad de soluciones, como la prestigiosa metodolog\u00eda de El Elemento Humano\u00ae del Dr. Will Schutz, misma que constituye el centro de nuestro trabajo. Si te interesa fortalecer tu Plan Personal,\u00a0La Carrera Impl\u00edcita\u00ae (Implicit Career Search\u00ae) es un programa de origen canadiense, basado en El Elemento Humano\u00ae, que te\u00a0ayudar\u00e1 a generar un plan de vida y carrera, desde tu esencia hasta tu contribuci\u00f3n \u00fanica. \u00bfTe interesa?\u00a0Escr\u00edbenos a\u00a0<strong>contact@quidamglobal.com<\/strong>.\u00a0<\/em><em>Si est\u00e1s en Twitter, puedes seguirnos en la cuenta de\u00a0<a title=\"Quidam Global en Twitter\" href=\"http:\/\/www.twitter.com\/quidamglobal\" target=\"_blank\">Qu\u00eddam<\/a>\u00a0o en la de\u00a0<a title=\"M\u00f3nica Diaz en Twitter\" href=\"http:\/\/www.twitter.com\/monediaz\" target=\"_blank\">M\u00f3nica Diaz\u00a0<\/a>donde avisaremos de avances en el proceso de #ElPlanQ, o bien en nuestra p\u00e1gina de\u00a0<a title=\"Quidam en Facebook\" href=\"http:\/\/www.facebook.com\/quidamglobal\" target=\"_blank\">Facebook<\/a>.<\/em><\/p>\n<p><em>Este art\u00edculo fue escrito originalmente por\u00a0<a href=\"http:\/\/www.dave-carpenter.com\/\" target=\"_blank\">Dave Carpenter<\/a>. Adem\u00e1s de escribir un blog de manera regular, su trabajo puede leerse en diversas publicaciones de negocios y desarrollo personal. Dave es tambi\u00e9n el creador del\u00a0<a title=\"Accelerate Success Mentoring Program\" href=\"http:\/\/accelerate-success.com\/\" target=\"_blank\"><strong>Accelerate Success<\/strong>\u00a0mentoring program<\/a>\u00a0para l\u00edderes de alto desempe\u00f1o. M\u00f3nica Diaz es coach de varios de sus participantes en espa\u00f1ol. Si deseas, puedes\u00a0<a href=\"http:\/\/twitter.com\/dave_carpenter\" target=\"_blank\">seguir a\u00a0Dave\u00a0en Twitter<\/a>, e<a title=\"Dave Carpenter\" href=\"http:\/\/www.facebook.com\/dave.carpenter1#!\/dave.carpenter1\" target=\"_blank\">n Facebook<\/a>, y\/o\u00a0<a title=\"Dave Carpenter on Google+\" href=\"https:\/\/plus.google.com\/u\/0\/?tab=mX#112507964677505729189\/posts\" target=\"_blank\">\u00a0Google+<\/a>.<\/em><\/p>\n","protected":false},"excerpt":{"rendered":"<p>D\u00eda 10 de este programa #ElPlanQ para crear un plan anual inspirador. Si llegaste primero [&hellip;]<\/p>\n","protected":false},"author":1,"featured_media":0,"comment_status":"open","ping_status":"closed","sticky":false,"template":"","format":"standard","meta":{"footnotes":""},"categories":[59,60,45,3],"tags":[61,33,20,10,81,25,31,35,80,34],"class_list":["post-1124","post","type-post","status-publish","format-standard","hentry","category-el-plan-personal-poderoso","category-el-plan-q","category-plan-personal-de-exito","category-temasinteres","tag-elplanq","tag-aspiraciones","tag-desarrollo","tag-desarrollo-profesional","tag-el-plan-personal-poderoso","tag-energia","tag-exito","tag-incertidumbre","tag-productividad","tag-sabiduria"],"_links":{"self":[{"href":"http:\/\/www.e-quidam.com\/elblog\/wp-json\/wp\/v2\/posts\/1124","targetHints":{"allow":["GET"]}}],"collection":[{"href":"http:\/\/www.e-quidam.com\/elblog\/wp-json\/wp\/v2\/posts"}],"about":[{"href":"http:\/\/www.e-quidam.com\/elblog\/wp-json\/wp\/v2\/types\/post"}],"author":[{"embeddable":true,"href":"http:\/\/www.e-quidam.com\/elblog\/wp-json\/wp\/v2\/users\/1"}],"replies":[{"embeddable":true,"href":"http:\/\/www.e-quidam.com\/elblog\/wp-json\/wp\/v2\/comments?post=1124"}],"version-history":[{"count":28,"href":"http:\/\/www.e-quidam.com\/elblog\/wp-json\/wp\/v2\/posts\/1124\/revisions"}],"predecessor-version":[{"id":2168,"href":"http:\/\/www.e-quidam.com\/elblog\/wp-json\/wp\/v2\/posts\/1124\/revisions\/2168"}],"wp:attachment":[{"href":"http:\/\/www.e-quidam.com\/elblog\/wp-json\/wp\/v2\/media?parent=1124"}],"wp:term":[{"taxonomy":"category","embeddable":true,"href":"http:\/\/www.e-quidam.com\/elblog\/wp-json\/wp\/v2\/categories?post=1124"},{"taxonomy":"post_tag","embeddable":true,"href":"http:\/\/www.e-quidam.com\/elblog\/wp-json\/wp\/v2\/tags?post=1124"}],"curies":[{"name":"wp","href":"https:\/\/api.w.org\/{rel}","templated":true}]}}