{"id":1249,"date":"2014-12-24T07:00:34","date_gmt":"2014-12-24T13:00:34","guid":{"rendered":"http:\/\/www.e-quidam.com\/elblog\/?p=1249"},"modified":"2014-12-19T16:33:31","modified_gmt":"2014-12-19T22:33:31","slug":"plan-2012-dia-24-felicidades","status":"publish","type":"post","link":"http:\/\/www.e-quidam.com\/elblog\/plan-2012-dia-24-felicidades\/","title":{"rendered":"#ElPlanQ: D\u00eda 24, \u00a1Felicidades!"},"content":{"rendered":"<blockquote><p><strong>D\u00eda 24 de este programa #ElPlanQ para crear un plan anual inspirador. Si llegaste primero aqu\u00ed, visita la p\u00e1gina de inicio del\u00a0<\/strong><a title=\"El Plan Personal Poderoso\" href=\"http:\/\/www.e-quidam.com\/elblog\/?page_id=908\" target=\"_blank\"><strong>PLAN<\/strong><\/a><strong>.\u00a0<\/strong><\/p><\/blockquote>\n<p>\u00a1Qu\u00e9 buena oportunidad presenta el d\u00eda de hoy para descansar y celebrar! Si iniciaste este plan el 1 de diciembre, estamos en las fiestas navide\u00f1as y -las celebres o no- hoy s\u00ed tienes mucho que celebrar porque llegaste hasta aqu\u00ed en el plan. As\u00ed que nuevamente \u00a1felicidades!<\/p>\n<p>Hoy es un d\u00eda especial para darte un respiro del proceso de planeaci\u00f3n. Reiniciamos en unos d\u00edas. Hoy puedes revisar el documento que ensamblaste en el <a title=\"Paso 23\" href=\"http:\/\/www.e-quidam.com\/elblog\/?p=1243\" target=\"_blank\">Paso 23<\/a> para tu consejo.<\/p>\n<p>Cuando lo mandes, lo har\u00e1s envi\u00e1ndoles una liga a la p\u00e1gina de \u201c<a title=\"Gu\u00eda para quienes revisan el plan.\" href=\"http:\/\/www.e-quidam.com\/elblog\/?page_id=1252\" target=\"_blank\">Gu\u00eda para revisar el plan<\/a>\u201d. Quiz\u00e1s quieras leer los tips que recibir\u00e1 tu consejo.<\/p>\n<p>Todav\u00eda tenemos trabajo importante por hacer antes de finalizar el plan. Pero hoy, rel\u00e1jate. O si no has podido completar tu trabajo de pasos anteriores, \u00a1Ahora es cu\u00e1ndo ponerte al d\u00eda!<\/p>\n<div>Ma\u00f1ana puedes consultar el <a title=\"Paso 25\" href=\"http:\/\/www.e-quidam.com\/elblog\/?p=1270\" target=\"_blank\">Paso 25<\/a>.<\/div>\n<div><\/div>\n<div><\/div>\n<div>\n<p>&#8212;&#8212;&#8212;&#8212;&#8212;&#8212;&#8212;&#8212;&#8211;<\/p>\n<p><em><a href=\"http:\/\/www.e-quidam.com\/elblog\/wp-content\/uploads\/2008\/11\/Mone-Oficial-2011.jpg\"><img loading=\"lazy\" decoding=\"async\" title=\"Mone Oficial 2011\" src=\"http:\/\/www.e-quidam.com\/elblog\/wp-content\/uploads\/2008\/11\/Mone-Oficial-2011.jpg\" alt=\"\" width=\"110\" height=\"129\" \/><\/a><\/em><\/p>\n<p><em><a title=\"Monica Diaz de Peralta\" href=\"http:\/\/www.linkedin.com\/in\/monicadiazdeperalta\" target=\"_blank\">M\u00f3nica Diaz<\/a>\u00a0es Directora General de\u00a0<a title=\"Quidam Global\" href=\"http:\/\/www.quidamglobal.com\" target=\"_blank\">Qu\u00eddam Global<\/a>, una organizaci\u00f3n mexicana que desde 1994 est\u00e1 dedicada a\u00a0la creaci\u00f3n de cultura sana en las organizaciones y desarrollo de talento. Su modelo de Coaching Q ha servido a ejecutivos, directores, gerentes, coaches, profesores y personas de muy distintos \u00e1mbitos para crear capacidades de acci\u00f3n que les permiten generar cambios permanentes y evolutivos.<\/em><\/p>\n<p><em>Qu\u00eddam Global ofrece una gran diversidad de soluciones, como la prestigiosa metodolog\u00eda de El Elemento Humano\u00ae del Dr. Will Schutz, misma que constituye el centro de nuestro trabajo. Si te interesa fortalecer tu Plan Personal,\u00a0La Carrera Impl\u00edcita\u00ae (Implicit Career Search\u00ae) es un programa de origen canadiense, basado en El Elemento Humano\u00ae, que te\u00a0ayudar\u00e1 a generar un plan de vida y carrera, desde tu esencia hasta tu contribuci\u00f3n \u00fanica. \u00bfTe interesa?\u00a0Escr\u00edbenos a\u00a0<strong>contact@quidamglobal.com<\/strong>.\u00a0<\/em><em>Si est\u00e1s en Twitter, puedes seguirnos en la cuenta de\u00a0<a title=\"Quidam Global en Twitter\" href=\"http:\/\/www.twitter.com\/quidamglobal\" target=\"_blank\">Qu\u00eddam<\/a>\u00a0o en la de\u00a0<a title=\"M\u00f3nica Diaz en Twitter\" href=\"http:\/\/www.twitter.com\/monediaz\" target=\"_blank\">M\u00f3nica Diaz\u00a0<\/a>donde avisaremos de avances en el proceso de #ElPlanQ, o bien en nuestra p\u00e1gina de\u00a0<a title=\"Quidam en Facebook\" href=\"http:\/\/www.facebook.com\/quidamglobal\" target=\"_blank\">Facebook<\/a>.<\/em><\/p>\n<p><em>Este art\u00edculo fue escrito originalmente por\u00a0<a href=\"http:\/\/www.dave-carpenter.com\/\" target=\"_blank\">Dave Carpenter<\/a>. Adem\u00e1s de escribir un blog de manera regular, su trabajo puede leerse en diversas publicaciones de negocios y desarrollo personal. Dave es tambi\u00e9n el creador del\u00a0<a title=\"Accelerate Success Mentoring Program\" href=\"http:\/\/accelerate-success.com\/\" target=\"_blank\"><strong>Accelerate Success<\/strong>\u00a0mentoring program<\/a>\u00a0para l\u00edderes de alto desempe\u00f1o. M\u00f3nica Diaz es coach de varios de sus participantes en espa\u00f1ol. Si deseas, puedes\u00a0<a href=\"http:\/\/twitter.com\/dave_carpenter\" target=\"_blank\">seguir a\u00a0Dave\u00a0en Twitter<\/a>, en\u00a0<a title=\"Dave Carpenter\" href=\"http:\/\/www.facebook.com\/dave.carpenter1#!\/dave.carpenter1\" target=\"_blank\">Facebook<\/a>, y\/o\u00a0<a title=\"Dave Carpenter on Google+\" href=\"https:\/\/plus.google.com\/u\/0\/?tab=mX#112507964677505729189\/posts\" target=\"_blank\">\u00a0Google+<\/a>.<\/em><\/p>\n<\/div>\n","protected":false},"excerpt":{"rendered":"<p>D\u00eda 24 de este programa #ElPlanQ para crear un plan anual inspirador. Si llegaste primero [&hellip;]<\/p>\n","protected":false},"author":1,"featured_media":0,"comment_status":"open","ping_status":"closed","sticky":false,"template":"","format":"standard","meta":{"footnotes":""},"categories":[59,60,45,3],"tags":[61,33,20,10,81,25,31,35,80,34],"class_list":["post-1249","post","type-post","status-publish","format-standard","hentry","category-el-plan-personal-poderoso","category-el-plan-q","category-plan-personal-de-exito","category-temasinteres","tag-elplanq","tag-aspiraciones","tag-desarrollo","tag-desarrollo-profesional","tag-el-plan-personal-poderoso","tag-energia","tag-exito","tag-incertidumbre","tag-productividad","tag-sabiduria"],"_links":{"self":[{"href":"http:\/\/www.e-quidam.com\/elblog\/wp-json\/wp\/v2\/posts\/1249","targetHints":{"allow":["GET"]}}],"collection":[{"href":"http:\/\/www.e-quidam.com\/elblog\/wp-json\/wp\/v2\/posts"}],"about":[{"href":"http:\/\/www.e-quidam.com\/elblog\/wp-json\/wp\/v2\/types\/post"}],"author":[{"embeddable":true,"href":"http:\/\/www.e-quidam.com\/elblog\/wp-json\/wp\/v2\/users\/1"}],"replies":[{"embeddable":true,"href":"http:\/\/www.e-quidam.com\/elblog\/wp-json\/wp\/v2\/comments?post=1249"}],"version-history":[{"count":15,"href":"http:\/\/www.e-quidam.com\/elblog\/wp-json\/wp\/v2\/posts\/1249\/revisions"}],"predecessor-version":[{"id":2249,"href":"http:\/\/www.e-quidam.com\/elblog\/wp-json\/wp\/v2\/posts\/1249\/revisions\/2249"}],"wp:attachment":[{"href":"http:\/\/www.e-quidam.com\/elblog\/wp-json\/wp\/v2\/media?parent=1249"}],"wp:term":[{"taxonomy":"category","embeddable":true,"href":"http:\/\/www.e-quidam.com\/elblog\/wp-json\/wp\/v2\/categories?post=1249"},{"taxonomy":"post_tag","embeddable":true,"href":"http:\/\/www.e-quidam.com\/elblog\/wp-json\/wp\/v2\/tags?post=1249"}],"curies":[{"name":"wp","href":"https:\/\/api.w.org\/{rel}","templated":true}]}}