{"id":1275,"date":"2014-12-26T07:00:43","date_gmt":"2014-12-26T13:00:43","guid":{"rendered":"http:\/\/www.e-quidam.com\/elblog\/?p=1275"},"modified":"2015-04-27T16:07:45","modified_gmt":"2015-04-27T22:07:45","slug":"plan-2012-paso-26-crea-tus-hitos-maravillosos","status":"publish","type":"post","link":"http:\/\/www.e-quidam.com\/elblog\/plan-2012-paso-26-crea-tus-hitos-maravillosos\/","title":{"rendered":"#ElPlanQ, D\u00eda 26: Crea tus hitos maravillosos."},"content":{"rendered":"<blockquote><p><strong><strong>D\u00eda 26 de este programa #ElPlanQ para crear un plan anual inspirador. Si llegaste primero aqu\u00ed, visita la p\u00e1gina de inicio del\u00a0<a title=\"El Plan Personal Poderoso\" href=\"http:\/\/www.e-quidam.com\/elblog\/?page_id=908\" target=\"_blank\"><strong>PLAN<\/strong><\/a><strong>.<\/strong>\u00a0<\/strong>\u00a1Estamos en la recta final! Faltan solamente cinco pasos. S\u00f3lo cinco.\u00a0<\/strong><\/p><\/blockquote>\n<p>El siguiente paso en el proceso es convertir cada una del las metas inteligentes en \u201cHitos Magn\u00edficos\u201d.\u00a0Muy rara vez el progreso llega en un paso gigante. Es m\u00e1s frecuente que ocurra porque tomamos pasos que, acumulados resultan en un gran paso.<\/p>\n<p>Piensa en la \u201cmonta\u00f1a que moviste\u201d y en c\u00f3mo llegaste a este punto del proceso de planeaci\u00f3n. Los que han llegado hasta aqu\u00ed lo hicieron porque tomaron una serie de peque\u00f1os pasos. El impacto acumulado es a lo que yo llamo el \u201csalto cu\u00e1ntico\u201d. Pero el salto cu\u00e1ntico ocurre como resultado de una serie de acciones relativamente peque\u00f1as.<\/p>\n<p>Ahora est\u00e1s \u201carmado\u201d con tus metas inteligentes. Pero, muy probablemente, las has convertido con el proceso SMART, tomando en cuenta el plan de un a\u00f1o. Ahora necesitamos tomar todos esos aspectos medibles de cada meta para crear los hitos maravillosos que te permitir\u00e1n lograr esas metas inteligentes.<\/p>\n<p>Por ejemplo, si recuerdas el\u00a0ejemplo que di en el <a title=\"Paso 22\" href=\"http:\/\/www.e-quidam.com\/elblog\/?p=1233\" target=\"_blank\">Paso 22<\/a> de perder peso, transformamos un prop\u00f3sito tipo a\u00f1o-nuevo de \u201cQuiero perder peso\u201d y la convertimos en la meta inteligente de \u201cPerder 10 kilogramos de peso para el 31 de Diciembre del siguiente a\u00f1o, al (1) eliminar la comida chatarra de mi dieta, (2) hacer ejercicio por 30 minutos, al menos 4 veces por semana, y (3) no comer despu\u00e9s de las 7 pm., exceptuando aquellas ocasiones en que tenga un evento social, en cuyo caso eliminar\u00e9 el postre para compensar.\u201d<\/p>\n<p>Debido a todos los elementos que contiene esa meta inteligente, resulta muy empoderadora. Sin embargo, ser\u00e1 m\u00e1s f\u00e1cil de lograr si la p\u00e9rdida de 10 kilos se programa mes con mes y traduce en lo que uno espera pesar al final de cada mes. Cada meta mensual se convierte en un \u201cHito Magn\u00edfico\u201d. (Es importante que describas el estado deseado, en lugar de la cantidad de peso perdida. Establece una visi\u00f3n clara de lo que quieres obtener a fin de mes).<\/p>\n<p>Para cada una de tus metas inteligentes, prepara un programa que muestre los \u201cHitos Magn\u00edficos\u201d que quieres lograr en cada fin de mes.<\/p>\n<p>En el Paso 27 estar\u00e1s creando tu equipo de soporte para asegurar que logres, incluso excedas, cada uno de estos hitos. Tu equipo de soporte maximizar\u00e1 la efectividad de los hitos para ti, cuando entiendan claramente d\u00f3nde quieres estar en cada meta para fin de mes.<\/p>\n<p><strong>Toma en cuenta que si no puedes medir tu progreso, \u00bfc\u00f3mo sabr\u00e1s si est\u00e1s teniendo \u00e9xito? \u00bfY c\u00f3mo sabr\u00e1 tu equipo de soporte si est\u00e1s teniendo \u00e9xito? \u00a0<\/strong><\/p>\n<p>Si al hacer este paso te das cuenta de que tus metas no son tan inteligentes como cre\u00edas (en cuanto al modelo SMART), ahora es buen momento para ajustarlas hasta que est\u00e9n en un formato m\u00e1s medible. Y si te has resistido a hacerte plenamente responsable por ellas hasta ahora, \u00bfno crees que es buen momento para cambiar eso?<\/p>\n<p><strong><em>La meta est\u00e1 muy cerca. Termina con fuerza y estilo.\u00a0<\/em><\/strong><\/p>\n<p>Cuando hayas completado el Paso 26, puedes acceder al <a title=\"Paso 27\" href=\"http:\/\/www.e-quidam.com\/elblog\/?p=1278\" target=\"_blank\">Paso 27<\/a>.<\/p>\n<p>Si deseas recibir un aviso diario en correo electr\u00f3nico suscr\u00edbete en el icono de la parte superior derecha y que parece un sobre. As\u00ed, te llegar\u00e1n autom\u00e1ticamente las nuevas entradas de este blog.<\/p>\n<p>Si te pierdes un d\u00eda, por cualquier raz\u00f3n, simplemente regresa lo antes posible. No te culpes, solo vuelve al proceso.<\/p>\n<p>Si tienes preguntas sobre cualquier paso o si quieres hacer alg\u00fan comentario del proceso, puedes escribir aqu\u00ed abajo o en nuestra p\u00e1gina de\u00a0<a title=\"Quidam en Facebook\" href=\"http:\/\/www.facebook.com\/quidamglobal\" target=\"_blank\">Facebook<\/a>, as\u00ed todos se beneficiar\u00e1n de lo que conversemos.<\/p>\n<p><strong><strong>Nota importante: Si llegaste primero a este paso, a\u00fan no es tarde para unirte a las otras personas de alto desempe\u00f1o que est\u00e1n colaborando para seguir los pasos que se revelan d\u00eda a d\u00eda en este espacio. Puedes empezar\u00a0<a title=\"El Plan Personal Poderoso\" href=\"http:\/\/www.e-quidam.com\/elblog\/?page_id=908\" target=\"_blank\">aqu\u00ed<\/a><strong><strong>.\u00a0<\/strong><\/strong><\/strong><\/strong><\/p>\n<p>&#8212;&#8212;&#8212;&#8212;&#8212;&#8212;&#8212;&#8212;&#8211;<\/p>\n<p><em><a href=\"http:\/\/www.e-quidam.com\/elblog\/wp-content\/uploads\/2008\/11\/Mone-Oficial-2011.jpg\"><img loading=\"lazy\" decoding=\"async\" title=\"Mone Oficial 2011\" src=\"http:\/\/www.e-quidam.com\/elblog\/wp-content\/uploads\/2008\/11\/Mone-Oficial-2011.jpg\" alt=\"\" width=\"110\" height=\"129\" \/><\/a><\/em><\/p>\n<p><em><a title=\"Monica Diaz de Peralta\" href=\"http:\/\/www.linkedin.com\/in\/monicadiazdeperalta\" target=\"_blank\">M\u00f3nica Diaz<\/a>\u00a0es Directora General de\u00a0<a title=\"Quidam Global\" href=\"http:\/\/www.quidamglobal.com\" target=\"_blank\">Qu\u00eddam Global<\/a>, una organizaci\u00f3n mexicana que desde 1994 est\u00e1 dedicada a\u00a0la creaci\u00f3n de cultura sana en las organizaciones y desarrollo de talento. Su modelo de Coaching Q ha servido a ejecutivos, directores, gerentes, coaches, profesores y personas de muy distintos \u00e1mbitos para crear capacidades de acci\u00f3n que les permiten generar cambios permanentes y evolutivos.<\/em><\/p>\n<p><em>Qu\u00eddam Global ofrece una gran diversidad de soluciones, como la prestigiosa metodolog\u00eda de El Elemento Humano\u00ae del Dr. Will Schutz, misma que constituye el centro de nuestro trabajo. Si te interesa fortalecer tu Plan Personal,\u00a0La Carrera Impl\u00edcita\u00ae (Implicit Career Search\u00ae) es un programa de origen canadiense, basado en El Elemento Humano\u00ae, que te\u00a0ayudar\u00e1 a generar un plan de vida y carrera, desde tu esencia hasta tu contribuci\u00f3n \u00fanica. \u00bfTe interesa?\u00a0Escr\u00edbenos a\u00a0<strong>contact@quidamglobal.com<\/strong>.\u00a0<\/em><em>Si est\u00e1s en Twitter, puedes seguirnos en la cuenta de\u00a0<a title=\"Quidam Global en Twitter\" href=\"http:\/\/www.twitter.com\/quidamglobal\" target=\"_blank\">Qu\u00eddam<\/a>\u00a0o en la de\u00a0<a title=\"M\u00f3nica Diaz en Twitter\" href=\"http:\/\/www.twitter.com\/monediaz\" target=\"_blank\">M\u00f3nica Diaz\u00a0<\/a>donde avisaremos de avances en el proceso de #ElPlanQ, o bien en nuestra p\u00e1gina de\u00a0<a title=\"Quidam en Facebook\" href=\"http:\/\/www.facebook.com\/quidamglobal\" target=\"_blank\">Facebook<\/a>.<\/em><\/p>\n<p><em>Este art\u00edculo fue escrito originalmente por\u00a0<a href=\"http:\/\/www.dave-carpenter.com\/\" target=\"_blank\">Dave Carpenter<\/a>. Adem\u00e1s de escribir un blog de manera regular, su trabajo puede leerse en diversas publicaciones de negocios y desarrollo personal. Dave es tambi\u00e9n el creador del\u00a0<a title=\"Accelerate Success Mentoring Program\" href=\"http:\/\/accelerate-success.com\/\" target=\"_blank\"><strong>Accelerate Success<\/strong>\u00a0mentoring program<\/a>\u00a0para l\u00edderes de alto desempe\u00f1o. M\u00f3nica Diaz es coach de varios de sus participantes en espa\u00f1ol. Si deseas, puedes\u00a0<a href=\"http:\/\/twitter.com\/dave_carpenter\" target=\"_blank\">seguir a\u00a0Dave\u00a0en Twitter<\/a>, en\u00a0<a title=\"Dave Carpenter\" href=\"http:\/\/www.facebook.com\/dave.carpenter1#!\/dave.carpenter1\" target=\"_blank\">Facebook<\/a>, y\/o\u00a0<a title=\"Dave Carpenter on Google+\" href=\"https:\/\/plus.google.com\/u\/0\/?tab=mX#112507964677505729189\/posts\" target=\"_blank\">\u00a0Google+<\/a>.<\/em><\/p>\n","protected":false},"excerpt":{"rendered":"<p>D\u00eda 26 de este programa #ElPlanQ para crear un plan anual inspirador. Si llegaste primero [&hellip;]<\/p>\n","protected":false},"author":1,"featured_media":0,"comment_status":"open","ping_status":"closed","sticky":false,"template":"","format":"standard","meta":{"footnotes":""},"categories":[59,60,45,3],"tags":[61,33,20,10,81,25,31,35,80,34],"class_list":["post-1275","post","type-post","status-publish","format-standard","hentry","category-el-plan-personal-poderoso","category-el-plan-q","category-plan-personal-de-exito","category-temasinteres","tag-elplanq","tag-aspiraciones","tag-desarrollo","tag-desarrollo-profesional","tag-el-plan-personal-poderoso","tag-energia","tag-exito","tag-incertidumbre","tag-productividad","tag-sabiduria"],"_links":{"self":[{"href":"http:\/\/www.e-quidam.com\/elblog\/wp-json\/wp\/v2\/posts\/1275","targetHints":{"allow":["GET"]}}],"collection":[{"href":"http:\/\/www.e-quidam.com\/elblog\/wp-json\/wp\/v2\/posts"}],"about":[{"href":"http:\/\/www.e-quidam.com\/elblog\/wp-json\/wp\/v2\/types\/post"}],"author":[{"embeddable":true,"href":"http:\/\/www.e-quidam.com\/elblog\/wp-json\/wp\/v2\/users\/1"}],"replies":[{"embeddable":true,"href":"http:\/\/www.e-quidam.com\/elblog\/wp-json\/wp\/v2\/comments?post=1275"}],"version-history":[{"count":20,"href":"http:\/\/www.e-quidam.com\/elblog\/wp-json\/wp\/v2\/posts\/1275\/revisions"}],"predecessor-version":[{"id":2306,"href":"http:\/\/www.e-quidam.com\/elblog\/wp-json\/wp\/v2\/posts\/1275\/revisions\/2306"}],"wp:attachment":[{"href":"http:\/\/www.e-quidam.com\/elblog\/wp-json\/wp\/v2\/media?parent=1275"}],"wp:term":[{"taxonomy":"category","embeddable":true,"href":"http:\/\/www.e-quidam.com\/elblog\/wp-json\/wp\/v2\/categories?post=1275"},{"taxonomy":"post_tag","embeddable":true,"href":"http:\/\/www.e-quidam.com\/elblog\/wp-json\/wp\/v2\/tags?post=1275"}],"curies":[{"name":"wp","href":"https:\/\/api.w.org\/{rel}","templated":true}]}}