{"id":1448,"date":"2012-11-10T05:54:34","date_gmt":"2012-11-10T11:54:34","guid":{"rendered":"http:\/\/www.e-quidam.com\/elblog\/?p=1448"},"modified":"2012-11-10T07:00:37","modified_gmt":"2012-11-10T13:00:37","slug":"la-recta-final","status":"publish","type":"post","link":"http:\/\/www.e-quidam.com\/elblog\/la-recta-final\/","title":{"rendered":"La recta final"},"content":{"rendered":"<p>Estamos cerrando un a\u00f1o maravilloso. Simplemente incre\u00edble en todos los sentidos. Hemos tenido oportunidad de colaborar con grandes empresas y a\u00fan mas grandes personas para construir cultura sana y crear condiciones en las que las personas con talento brillen con toda su luz. Cumplimos un a\u00f1o extendiendo \u00a0nuestro contacto a trav\u00e9s de los <a href=\"http:\/\/quidamglobal.com\/portal\/webinars-anteriores\/\" target=\"_blank\">webinars gratuitos<\/a> a un p\u00fablico de 25 pa\u00edses, contando con grandes expositores que generosamente nos han regalado a todos su conocimiento y su tiempo.\u00a0Este a\u00f1o nos pusimos una que otra <a title=\"C\u00f3mo maravillarte de lo que logras cada d\u00eda (o la micro-Meta Ca\u2026 en acci\u00f3n)\" href=\"http:\/\/www.e-quidam.com\/elblog\/?p=1361\" target=\"_blank\">MCAB<\/a> y nos movimos hacia adelante de manera importante, pero lo que es m\u00e1s, seguimos profundizando en nuestro <a href=\"http:\/\/quidamglobal.com\/quienes\/equipo-quidam\/\" target=\"_blank\">equipo<\/a>, incluyendo a gente valios\u00edsima y explorando nuevas formas de hacer una verdadera diferencia en la gente y sus organizaciones.<\/p>\n<p>Todo esto no lo digo para presumir (bueno, s\u00ed, quiz\u00e1s un poco \ud83d\ude42 ) sino para hacer lo que corresponde en este momento del a\u00f1o. Estamos en el pen\u00faltimo mes y toca mirar hacia atr\u00e1s e impulsarse para la recta final. As\u00ed que si el a\u00f1o fue bueno, regular o dej\u00f3 mucho que desear, te invito a tomar impulso AHORA mismo.<\/p>\n<p>Preguntas que aparecen en este momento:<\/p>\n<blockquote>\n<h2>\u00bfC\u00f3mo puedo capitalizar lo aprendido en este a\u00f1o?<\/h2>\n<h2>\u00bfQu\u00e9 acciones me har\u00e1n cerrar con broche de oro el 2012?<\/h2>\n<h2>\u00bfEn qu\u00e9 quiero invertir mi valioso tiempo en los \u00faltimos d\u00edas del a\u00f1o?<\/h2>\n<\/blockquote>\n<p>Les comento que esta vez, y debido al \u00e9xito del <a title=\"El Plan2012\" href=\"http:\/\/www.e-quidam.com\/elblog\/?page_id=908\" target=\"_blank\">#Plan2012<\/a> para muchos de nuestros lectores, estaremos republicando el Plan de Dave Carpenter en Espa\u00f1ol para realizarse en el mes de Diciembre, planeando el 2013. \u00bfTe unes? En sus marcas, listos y \u00a1Vamos por la recta final!<\/p>\n<p>&#8212;<\/p>\n<h2><span style=\"color: #993300;\">\u00a1Extra! \u00a1Extra!\u00a0<\/span><\/h2>\n<p>\u00bfEst\u00e1s en la Ciudad de M\u00e9xico este Diciembre y me quieres ver en mi faceta de actriz de teatro musical? Una super producci\u00f3n con m\u00e1s de 40 actores en escena y 25 musicos en VIVO&#8230;Haz click en el promo:<\/p>\n<p style=\"text-align: center;\"><a href=\"http:\/\/cartelerateatromexico.com\/evento\/violinista\"><img loading=\"lazy\" decoding=\"async\" class=\"size-medium wp-image-1450 aligncenter\" title=\"Violinista valla movil low\" src=\"http:\/\/www.e-quidam.com\/elblog\/wp-content\/uploads\/2012\/11\/Violinista-valla-movil-low-300x186.jpg\" alt=\"\" width=\"300\" height=\"186\" srcset=\"http:\/\/www.e-quidam.com\/elblog\/wp-content\/uploads\/2012\/11\/Violinista-valla-movil-low-300x186.jpg 300w, http:\/\/www.e-quidam.com\/elblog\/wp-content\/uploads\/2012\/11\/Violinista-valla-movil-low.jpg 1000w\" sizes=\"auto, (max-width: 300px) 100vw, 300px\" \/><\/a><\/p>\n<p>&#8212;-<\/p>\n<p><a href=\"http:\/\/www.e-quidam.com\/elblog\/wp-content\/uploads\/2008\/11\/Mone-Oficial-2011.jpg\"><img loading=\"lazy\" decoding=\"async\" class=\"alignleft  wp-image-926\" title=\"Mone Oficial 2011\" src=\"http:\/\/www.e-quidam.com\/elblog\/wp-content\/uploads\/2008\/11\/Mone-Oficial-2011.jpg\" alt=\"\" width=\"128\" height=\"150\" srcset=\"http:\/\/www.e-quidam.com\/elblog\/wp-content\/uploads\/2008\/11\/Mone-Oficial-2011.jpg 229w, http:\/\/www.e-quidam.com\/elblog\/wp-content\/uploads\/2008\/11\/Mone-Oficial-2011-127x150.jpg 127w\" sizes=\"auto, (max-width: 128px) 100vw, 128px\" \/><\/a><a style=\"font-style: italic;\" title=\"Monica Diaz de Peralta\" href=\"http:\/\/www.linkedin.com\/in\/monicadiazdeperalta\" target=\"_blank\">M\u00f3nica Diaz<\/a><em>\u00a0es Directora General de\u00a0<\/em><a style=\"font-style: italic;\" title=\"Quidam Global\" href=\"http:\/\/www.quidamglobal.com\/\" target=\"_blank\">Qu\u00eddam Global<\/a><em>, una organizaci\u00f3n con m\u00e1s de 20 a\u00f1os en la creaci\u00f3n de cultura sana en las organizaciones y desarrollo de talento. Su modelo de Coaching Q ha servido a ejecutivos, directores, gerentes, coaches, profesores y personas de muy distintos \u00e1mbitos para crear capacidades de acci\u00f3n que les permiten cambios permanentes y evolutivos. \u00a0 Si est\u00e1s en Twitter, puedes seguirnos en el tweet de\u00a0<\/em><a style=\"font-style: italic;\" title=\"Quidam Global en Twitter\" href=\"http:\/\/www.twitter.com\/quidamglobal\" target=\"_blank\">Qu\u00eddam<\/a><em>\u00a0o el de\u00a0<\/em><a style=\"font-style: italic;\" title=\"M\u00f3nica Diaz en Twitter\" href=\"http:\/\/www.twitter.com\/monediaz\" target=\"_blank\">M\u00f3nica Diaz\u00a0<\/a><em>, o bien en nuestra p\u00e1gina de\u00a0<\/em><a style=\"font-style: italic;\" title=\"Quidam en Facebook\" href=\"http:\/\/www.facebook.com\/quidamglobal\" target=\"_blank\">Facebook<\/a><em>.<\/em><\/p>\n<div class=\"zemanta-pixie\" style=\"margin-top: 10px; height: 15px;\"><a class=\"zemanta-pixie-a\" title=\"Enhanced by Zemanta\" href=\"http:\/\/www.zemanta.com\/?px\"><img decoding=\"async\" class=\"zemanta-pixie-img\" style=\"border: none; float: right;\" src=\"http:\/\/img.zemanta.com\/zemified_e.png?x-id=d383bf2d-1bf4-4ae6-8923-c4fe92f88f93\" alt=\"Enhanced by Zemanta\" \/><\/a><\/div>\n","protected":false},"excerpt":{"rendered":"<p>Estamos cerrando un a\u00f1o maravilloso. Simplemente incre\u00edble en todos los sentidos. Hemos tenido oportunidad de [&hellip;]<\/p>\n","protected":false},"author":1,"featured_media":0,"comment_status":"open","ping_status":"closed","sticky":false,"template":"","format":"standard","meta":{"footnotes":""},"categories":[45,9,3],"tags":[48,53,20,31,32,52,26,80,29],"class_list":["post-1448","post","type-post","status-publish","format-standard","hentry","category-plan-personal-de-exito","category-productividad","category-temasinteres","tag-elplan2012","tag-dave-carpenter","tag-desarrollo","tag-exito","tag-logros","tag-mcab","tag-motivacion","tag-productividad","tag-teatro"],"_links":{"self":[{"href":"http:\/\/www.e-quidam.com\/elblog\/wp-json\/wp\/v2\/posts\/1448","targetHints":{"allow":["GET"]}}],"collection":[{"href":"http:\/\/www.e-quidam.com\/elblog\/wp-json\/wp\/v2\/posts"}],"about":[{"href":"http:\/\/www.e-quidam.com\/elblog\/wp-json\/wp\/v2\/types\/post"}],"author":[{"embeddable":true,"href":"http:\/\/www.e-quidam.com\/elblog\/wp-json\/wp\/v2\/users\/1"}],"replies":[{"embeddable":true,"href":"http:\/\/www.e-quidam.com\/elblog\/wp-json\/wp\/v2\/comments?post=1448"}],"version-history":[{"count":6,"href":"http:\/\/www.e-quidam.com\/elblog\/wp-json\/wp\/v2\/posts\/1448\/revisions"}],"predecessor-version":[{"id":1456,"href":"http:\/\/www.e-quidam.com\/elblog\/wp-json\/wp\/v2\/posts\/1448\/revisions\/1456"}],"wp:attachment":[{"href":"http:\/\/www.e-quidam.com\/elblog\/wp-json\/wp\/v2\/media?parent=1448"}],"wp:term":[{"taxonomy":"category","embeddable":true,"href":"http:\/\/www.e-quidam.com\/elblog\/wp-json\/wp\/v2\/categories?post=1448"},{"taxonomy":"post_tag","embeddable":true,"href":"http:\/\/www.e-quidam.com\/elblog\/wp-json\/wp\/v2\/tags?post=1448"}],"curies":[{"name":"wp","href":"https:\/\/api.w.org\/{rel}","templated":true}]}}