{"id":1458,"date":"2012-11-26T10:00:25","date_gmt":"2012-11-26T16:00:25","guid":{"rendered":"http:\/\/www.e-quidam.com\/elblog\/?p=1458"},"modified":"2018-07-20T07:33:44","modified_gmt":"2018-07-20T13:33:44","slug":"donde-esta-lo-poetico","status":"publish","type":"post","link":"http:\/\/www.e-quidam.com\/elblog\/donde-esta-lo-poetico\/","title":{"rendered":"\u00bfD\u00f3nde est\u00e1 lo po\u00e9tico?"},"content":{"rendered":"<p><iframe loading=\"lazy\" src=\"https:\/\/www.youtube.com\/embed\/Dl4lHdtuizw\" width=\"560\" height=\"315\" frameborder=\"0\" allowfullscreen=\"allowfullscreen\"><\/iframe><\/p>\n<p>Despu\u00e9s de escuchar eso dan ganas de permanecer callado. De hacer algo. Y puedes unirte f\u00e1cilmente a la causa del <a title=\"icf\" href=\"http:\/\/www.icfaid.org\" target=\"_blank\" rel=\"noopener\">International Children&#8217;s Fund<\/a>.<\/p>\n<blockquote><p>Pero \u00bfqu\u00e9 acaba de suceder? \u00bfPorqu\u00e9 reaccionamos de esa manera?<\/p><\/blockquote>\n<p>El impresionante mensaje que este coro de ni\u00f1os nos acaba de transmitir est\u00e1 basado, no en las palabras (aunque \u00e9stas tienen tambi\u00e9n un significado en su rendici\u00f3n de <a title=\"Mad World\" href=\"http:\/\/www.metrolyrics.com\/mad-world-lyrics-gary-jules.html\" target=\"_blank\" rel=\"noopener\">Mad World<\/a> de Tears for Fears), sino en el simbolismo de sus acciones. La m\u00fasica, la letra, la cadencia, la falta de expresi\u00f3n en sus caras. Todo es parte del mensaje que llega fuerte y claro y requiere muy poca explicaci\u00f3n. Tan solo un par de enunciados, un lugar a donde ir, un espacio ya abierto a la reflexi\u00f3n.<\/p>\n<p>Lo po\u00e9tico tiene esa cualidad. De hecho, el \u00ab<strong><a title=\"Genero Poetico\" href=\"http:\/\/es.wikipedia.org\/wiki\/G\u00e9nero_po\u00e9tico\" target=\"_blank\" rel=\"noopener\">g\u00e9nero po\u00e9tico<\/a>&#8230;<\/strong>\u00a0es el recurso de la literatura mediante el cual se embellece aquello sobre lo que se habla. Adem\u00e1s, mediante \u00e9l se transmiten sentimientos, emociones y pensamientos a trav\u00e9s de diferentes recursos expresivos.\u00bb Sencillamente. Hermosamente. Claramente. En realidad, si tienes poco tiempo para decir algo, es mejor buscar un recurso m\u00e1s efectivo que las palabras, que la narrativa extensa y precisa. Por a\u00f1os exploraba con mi colega <a title=\"Morell\" href=\"https:\/\/twitter.com\/ricardomorell\" target=\"_blank\" rel=\"noopener\">Ricardo Morell<\/a>, la forma m\u00e1s po\u00e9tica de expresarnos. \u00c9l, con sus <a title=\"Mostros\" href=\"http:\/\/www.ricardomorell.com\/mostros-de-oficina\/\" target=\"_blank\" rel=\"noopener\">Mostros de Oficina<\/a>, convierte el desarrollo de equipo en un juego. Cada buen orador agrega una historia personal a su exposici\u00f3n. Yo creo que s\u00ed, nos hacen falta m\u00e1s poetas para hacer un cambio en la forma de proceder. Tambi\u00e9n en el trabajo.\u00a0Y todos los d\u00edas, lo po\u00e9tico aparece para quienes est\u00e1n listos a descubrirlo.<\/p>\n<p><strong>HOY te invito a encontrar lo po\u00e9tico en tu entorno<\/strong>. La forma en que puedes expresarte m\u00e1s all\u00e1 de la explicaci\u00f3n. Cerca de la emoci\u00f3n y de la claridad. \u00a0Para inspirar a otros a la acci\u00f3n, no hace falta mayor explicaci\u00f3n, hace falta traer lo po\u00e9tico a la conversaci\u00f3n. Hace falta estar abierto a descubrirlo. No tienes que ser alguien especial, ni que el mundo te reconozca como un poeta. Creado por ti mismo o descrito en las palabras de los grandes; en el cine, la m\u00fasica, en tus propias an\u00e9cdotas de vida. Lo po\u00e9tico est\u00e1 a tu alcance. T\u00f3calo, comp\u00e1rtelo hoy y siempre. Te encontrar\u00e1s despertando nuevos l\u00edderes en lugar de explicarte interminablemente con gente que no se mueve de donde est\u00e1.<\/p>\n<blockquote><p>Y, cu\u00e9ntame&#8230;para ti: \u00bfD\u00f3nde est\u00e1 lo po\u00e9tico?<\/p><\/blockquote>\n<p>&#8212;-<\/p>\n<p><a href=\"http:\/\/www.e-quidam.com\/elblog\/wp-content\/uploads\/2008\/11\/Mone-Oficial-2011.jpg\"><img loading=\"lazy\" decoding=\"async\" class=\"alignleft\" title=\"Mone Oficial 2011\" src=\"http:\/\/www.e-quidam.com\/elblog\/wp-content\/uploads\/2008\/11\/Mone-Oficial-2011.jpg\" alt=\"\" width=\"128\" height=\"150\" \/><\/a><a title=\"Monica Diaz de Peralta\" href=\"http:\/\/www.linkedin.com\/in\/monicadiazdeperalta\" target=\"_blank\" rel=\"noopener\">M\u00f3nica Diaz<\/a><em>\u00a0es Directora General de\u00a0<\/em><a title=\"Quidam Global\" href=\"http:\/\/www.quidamglobal.com\/\" target=\"_blank\" rel=\"noopener\">Qu\u00eddam Global<\/a><em>, una organizaci\u00f3n con m\u00e1s de 20 a\u00f1os en la creaci\u00f3n de cultura sana en las organizaciones y desarrollo de talento. Su modelo de Coaching Q ha servido a ejecutivos, directores, gerentes, coaches, profesores y personas de muy distintos \u00e1mbitos para crear capacidades de acci\u00f3n que les permiten cambios permanentes y evolutivos. \u00a0 Si est\u00e1s en Twitter, puedes seguirnos en el tweet de\u00a0<\/em><a title=\"Quidam Global en Twitter\" href=\"http:\/\/www.twitter.com\/quidamglobal\" target=\"_blank\" rel=\"noopener\">Qu\u00eddam<\/a><em>\u00a0o el de\u00a0<\/em><a title=\"M\u00f3nica Diaz en Twitter\" href=\"http:\/\/www.twitter.com\/monediaz\" target=\"_blank\" rel=\"noopener\">M\u00f3nica Diaz\u00a0<\/a><em>, o bien en nuestra p\u00e1gina de\u00a0<\/em><a title=\"Quidam en Facebook\" href=\"http:\/\/www.facebook.com\/quidamglobal\" target=\"_blank\" rel=\"noopener\">Facebook<\/a><em>.<\/em><\/p>\n<div><\/div>\n","protected":false},"excerpt":{"rendered":"<p>Despu\u00e9s de escuchar eso dan ganas de permanecer callado. De hacer algo. Y puedes unirte [&hellip;]<\/p>\n","protected":false},"author":1,"featured_media":0,"comment_status":"open","ping_status":"closed","sticky":false,"template":"","format":"standard","meta":{"footnotes":""},"categories":[3],"tags":[30,25,22,79,26,29],"class_list":["post-1458","post","type-post","status-publish","format-standard","hentry","category-temasinteres","tag-autenticidad","tag-energia","tag-engagement","tag-liderazgo","tag-motivacion","tag-teatro"],"_links":{"self":[{"href":"http:\/\/www.e-quidam.com\/elblog\/wp-json\/wp\/v2\/posts\/1458","targetHints":{"allow":["GET"]}}],"collection":[{"href":"http:\/\/www.e-quidam.com\/elblog\/wp-json\/wp\/v2\/posts"}],"about":[{"href":"http:\/\/www.e-quidam.com\/elblog\/wp-json\/wp\/v2\/types\/post"}],"author":[{"embeddable":true,"href":"http:\/\/www.e-quidam.com\/elblog\/wp-json\/wp\/v2\/users\/1"}],"replies":[{"embeddable":true,"href":"http:\/\/www.e-quidam.com\/elblog\/wp-json\/wp\/v2\/comments?post=1458"}],"version-history":[{"count":16,"href":"http:\/\/www.e-quidam.com\/elblog\/wp-json\/wp\/v2\/posts\/1458\/revisions"}],"predecessor-version":[{"id":2385,"href":"http:\/\/www.e-quidam.com\/elblog\/wp-json\/wp\/v2\/posts\/1458\/revisions\/2385"}],"wp:attachment":[{"href":"http:\/\/www.e-quidam.com\/elblog\/wp-json\/wp\/v2\/media?parent=1458"}],"wp:term":[{"taxonomy":"category","embeddable":true,"href":"http:\/\/www.e-quidam.com\/elblog\/wp-json\/wp\/v2\/categories?post=1458"},{"taxonomy":"post_tag","embeddable":true,"href":"http:\/\/www.e-quidam.com\/elblog\/wp-json\/wp\/v2\/tags?post=1458"}],"curies":[{"name":"wp","href":"https:\/\/api.w.org\/{rel}","templated":true}]}}