{"id":15,"date":"2008-12-22T09:35:21","date_gmt":"2008-12-22T15:35:21","guid":{"rendered":"http:\/\/www.e-quidam.com\/elblog\/?p=15"},"modified":"2009-04-20T17:26:39","modified_gmt":"2009-04-20T23:26:39","slug":"crisis-de-valores","status":"publish","type":"post","link":"http:\/\/www.e-quidam.com\/elblog\/crisis-de-valores\/","title":{"rendered":"Crisis de Valores"},"content":{"rendered":"<p><img loading=\"lazy\" decoding=\"async\" class=\"size-medium wp-image-24 alignleft\" style=\"border: 6px solid white;\" title=\"bigstockphoto_new_life_258879\" src=\"http:\/\/www.e-quidam.com\/elblog\/wp-content\/uploads\/2008\/12\/bigstockphoto_new_life_258879-199x300.jpg\" alt=\"bigstockphoto_new_life_258879\" width=\"199\" height=\"300\" srcset=\"http:\/\/www.e-quidam.com\/elblog\/wp-content\/uploads\/2008\/12\/bigstockphoto_new_life_258879-199x300.jpg 199w, http:\/\/www.e-quidam.com\/elblog\/wp-content\/uploads\/2008\/12\/bigstockphoto_new_life_258879.jpg 597w\" sizes=\"auto, (max-width: 199px) 100vw, 199px\" \/>Muchos han apuntado a que la actual crisis financiera global nace de una crisis de valores y que lo \u00fanico que nos proteger\u00e1 de repetirla en el futuro es fortalecer la forma en que nos manejamos como cong\u00e9neres unos con otros.\u00a0 Es cultivar formas de actuar que contraresten la avaricia y el desmedido enriquecimiento a costa de los dem\u00e1s.\u00a0 Yo no estoy en contra de la abundancia, por supuesto.\u00a0 Ni del enriquecimiento.\u00a0 Creo que existen formas de generar riqueza que son m\u00e1s morales y sostenibles que otras.\u00a0 Las leyes, por mucho que las pulamos, no nos proteger\u00e1n de esquemas creativos para enga\u00f1ar y timar que se manejen dentro de las mismas regulaciones.\u00a0 Nunca estar\u00e1n las leyes a la altura de la creatividad humana.\u00a0 Solamente las conciencias de los hombres y mujeres que d\u00eda con d\u00eda operan en el mundo tienen en poder de revertir lo que la avaricia y el ego\u00edsmo desmedido nos invitan a hacer.\u00a0 Siempre habr\u00e1 cosas que a\u00fan son legales, pero nunca ser\u00e1n morales.\u00a0 \u00bfQu\u00e9 nos queda, entonces?\u00a0 Cuestionarnos d\u00eda con d\u00eda cu\u00e1les son nuestras aspiraciones, por qu\u00e9 caminos estamos dispuestos a transitar.\u00a0 Es necesario alg\u00fan punto de referencia, sea la f\u00e9 y la religi\u00f3n organizada, el esquema de valores de una comunidad sana o la meditaci\u00f3n que despierta esa conciencia que todos llevamos dentro.\u00a0 En cualquier caso, la f\u00e9 requiere que la cultivemos y la llevemos a la acci\u00f3n, la religi\u00f3n nos exige una pr\u00e1ctica seria, que realmente cambie la forma en que vivimos cotidianamente, la meditaci\u00f3n llevada de manera consistente, no puede m\u00e1s que conectarnos con nuestra escencia.<\/p>\n<p>Si nos permitimos explorar las aspiraciones aut\u00e9nticas que nos mueven: el deseo de trascender (haciendo cosas que dejen huella positiva) el deseo de saber (entendiendo nuestro propio impacto en el universo y c\u00f3mo funcionan las cosas) y el deseo de ser felices (no a costa de otros, sino conectados con ellos) podremos adquirir la fuerza para contrarestar lo que est\u00e1 sucediendo.\u00a0\u00a0 Los invito a explorarse seriamente, a hacer ex\u00e1men de conciencia y a buscar un camino personal que los acerque a sus propias aspiraciones profundas y a toda la grandeza de que somos capaces como seres humanos.<\/p>\n<p>Felices fiestas.<\/p>\n","protected":false},"excerpt":{"rendered":"<p>Muchos han apuntado a que la actual crisis financiera global nace de una crisis de [&hellip;]<\/p>\n","protected":false},"author":1,"featured_media":0,"comment_status":"open","ping_status":"closed","sticky":false,"template":"","format":"standard","meta":{"footnotes":""},"categories":[3],"tags":[5,11,6],"class_list":["post-15","post","type-post","status-publish","format-standard","hentry","category-temasinteres","tag-etica","tag-finanzas","tag-valores"],"_links":{"self":[{"href":"http:\/\/www.e-quidam.com\/elblog\/wp-json\/wp\/v2\/posts\/15","targetHints":{"allow":["GET"]}}],"collection":[{"href":"http:\/\/www.e-quidam.com\/elblog\/wp-json\/wp\/v2\/posts"}],"about":[{"href":"http:\/\/www.e-quidam.com\/elblog\/wp-json\/wp\/v2\/types\/post"}],"author":[{"embeddable":true,"href":"http:\/\/www.e-quidam.com\/elblog\/wp-json\/wp\/v2\/users\/1"}],"replies":[{"embeddable":true,"href":"http:\/\/www.e-quidam.com\/elblog\/wp-json\/wp\/v2\/comments?post=15"}],"version-history":[{"count":11,"href":"http:\/\/www.e-quidam.com\/elblog\/wp-json\/wp\/v2\/posts\/15\/revisions"}],"predecessor-version":[{"id":89,"href":"http:\/\/www.e-quidam.com\/elblog\/wp-json\/wp\/v2\/posts\/15\/revisions\/89"}],"wp:attachment":[{"href":"http:\/\/www.e-quidam.com\/elblog\/wp-json\/wp\/v2\/media?parent=15"}],"wp:term":[{"taxonomy":"category","embeddable":true,"href":"http:\/\/www.e-quidam.com\/elblog\/wp-json\/wp\/v2\/categories?post=15"},{"taxonomy":"post_tag","embeddable":true,"href":"http:\/\/www.e-quidam.com\/elblog\/wp-json\/wp\/v2\/tags?post=15"}],"curies":[{"name":"wp","href":"https:\/\/api.w.org\/{rel}","templated":true}]}}