{"id":167,"date":"2009-09-20T12:33:56","date_gmt":"2009-09-20T18:33:56","guid":{"rendered":"http:\/\/www.e-quidam.com\/elblog\/?p=167"},"modified":"2009-09-20T14:00:56","modified_gmt":"2009-09-20T20:00:56","slug":"el-ideario-cuauhtemoc-en-reconocimiento-de-un-lider-trascendente","status":"publish","type":"post","link":"http:\/\/www.e-quidam.com\/elblog\/el-ideario-cuauhtemoc-en-reconocimiento-de-un-lider-trascendente\/","title":{"rendered":"El Ideario Cuauht\u00e9moc, en reconocimiento de un L\u00edder Trascendente"},"content":{"rendered":"<p>Don <a class=\"zem_slink\" title=\"Eugenio Garza Sada\" rel=\"wikipedia\" href=\"http:\/\/en.wikipedia.org\/wiki\/Eugenio_Garza_Sada\">Eugenio Garza Sada<\/a> cumple hoy 36 a\u00f1os de haber dejado este mundo al ser asesinado resistiendo un secuestro.  Su p\u00e9rdida fue grande y sentida.  Entre muchas otras actividades, el reconocido empresario fue fundador de mi alma m\u00e1ter: el <a class=\"zem_slink\" title=\"Monterrey Institute of Technology and Higher Education\" rel=\"geolocation\" href=\"http:\/\/maps.google.com\/maps?ll=25.651435,-100.290686&amp;spn=1.0,1.0&amp;q=25.651435,-100.290686%20%28Monterrey%20Institute%20of%20Technology%20and%20Higher%20Education%29&amp;t=h\">Tecnol\u00f3gico de Monterrey<\/a>.  En conmemoraci\u00f3n, <a class=\"zem_slink\" title=\"FEMSA\" rel=\"homepage\" href=\"http:\/\/femsa.com\/\">FEMSA<\/a> ha publicado hoy en el peri\u00f3dico <a class=\"zem_slink\" title=\"Reforma\" rel=\"homepage\" href=\"http:\/\/www.reforma.com\/\">Reforma<\/a> un desplegado en el cual aparece el Ideario Cuauht\u00e9moc, un conjunto de principios que reg\u00edan su gesti\u00f3n y su vida.  Indudablemente podemos ver en ellos una gran inspiraci\u00f3n que perdura m\u00e1s all\u00e1 de su existencia.  Hoy en d\u00eda, son tan relevantes como entonces.<\/p>\n<p>El ideario contiene 17 puntos:<\/p>\n<figure style=\"width: 175px\" class=\"wp-caption alignright\"><img loading=\"lazy\" decoding=\"async\" src=\"http:\/\/www.itesm.mx\/vayf\/deptos\/cp\/premioegs\/images\/don_eugenio_2006.jpg\" alt=\"Don Eugenio Garza Sada\" width=\"175\" height=\"240\" \/><figcaption class=\"wp-caption-text\">Don Eugenio Garza Sada<\/figcaption><\/figure>\n<p>Reconocer el M\u00e9rito de los Dem\u00e1s<br \/>\nControlar el Temperamento<br \/>\nNunca Hacer Burla<br \/>\nSer Cort\u00e9s<br \/>\nSer Tolerante<br \/>\nSer Puntual<br \/>\nSi uno es Vanidoso, Hay que Ocultarlo<br \/>\nNo Alterar la Verdad<br \/>\nDejar que los Dem\u00e1s se Explayen<br \/>\nExpresarse Concisamente<br \/>\nDepurar el Vocabulario<br \/>\nAsegurarse de Disfrutar el Trabajo<br \/>\nReconocer el Enorme Valor del Trabajador Manual<br \/>\nPensar en el Inter\u00e9s del Negocio M\u00e1s que en el Propio<br \/>\nAn\u00e1lisis por Encima de la Inspiraci\u00f3n o la Intuici\u00f3n<br \/>\nLa Dedicaci\u00f3n al Trabajo<br \/>\nSer Modesto<\/p>\n<p style=\"text-align: left;\">Hay que reconocer la fuerza de este ideario a\u00fan ahora.\u00a0 Puede explorarse a detalle en las p\u00e1ginas de <a href=\"http:\/\/www.femsa.com\/es\/about\/philosophy\/formulario-ideario.php\" target=\"_blank\">FEMSA<\/a> y vivirse d\u00eda con d\u00eda en el quehacer de muchas personas que a\u00fan se inspiran en \u00e9l.\u00a0 Hace a\u00f1os, mi pap\u00e1 repart\u00eda su texto a sus colaboradores y colegas del TEC.\u00a0 Hoy quiero reconocer su trascendencia en este espacio.\u00a0 Gracias, Don Eugenio y descanse en paz, sabiendo que ha dejado un gran legado tras de usted.<\/p>\n<blockquote><p>\u201cEl respeto a la dignidad humana est\u00e1 por encima de cualquier consideraci\u00f3n econ\u00f3mica\u201d &#8211; Don Eugenio Garza Sada<\/p><\/blockquote>\n<div class=\"zemanta-pixie\" style=\"margin-top: 10px; height: 15px;\"><a class=\"zemanta-pixie-a\" title=\"Reblog this post [with Zemanta]\" href=\"http:\/\/reblog.zemanta.com\/zemified\/c8a3156c-effa-46ec-8d8c-90619ec38f2f\/\"><img decoding=\"async\" class=\"zemanta-pixie-img\" style=\"border: medium none; float: right;\" src=\"http:\/\/img.zemanta.com\/reblog_c.png?x-id=c8a3156c-effa-46ec-8d8c-90619ec38f2f\" alt=\"Reblog this post [with Zemanta]\" \/><\/a><span class=\"zem-script more-related pretty-attribution\"><script src=\"http:\/\/static.zemanta.com\/readside\/loader.js\" type=\"text\/javascript\"><\/script><\/span><\/div>\n","protected":false},"excerpt":{"rendered":"<p>Don Eugenio Garza Sada cumple hoy 36 a\u00f1os de haber dejado este mundo al ser [&hellip;]<\/p>\n","protected":false},"author":1,"featured_media":0,"comment_status":"open","ping_status":"closed","sticky":false,"template":"","format":"standard","meta":{"footnotes":""},"categories":[7,3],"tags":[],"class_list":["post-167","post","type-post","status-publish","format-standard","hentry","category-liderazgo","category-temasinteres"],"_links":{"self":[{"href":"http:\/\/www.e-quidam.com\/elblog\/wp-json\/wp\/v2\/posts\/167","targetHints":{"allow":["GET"]}}],"collection":[{"href":"http:\/\/www.e-quidam.com\/elblog\/wp-json\/wp\/v2\/posts"}],"about":[{"href":"http:\/\/www.e-quidam.com\/elblog\/wp-json\/wp\/v2\/types\/post"}],"author":[{"embeddable":true,"href":"http:\/\/www.e-quidam.com\/elblog\/wp-json\/wp\/v2\/users\/1"}],"replies":[{"embeddable":true,"href":"http:\/\/www.e-quidam.com\/elblog\/wp-json\/wp\/v2\/comments?post=167"}],"version-history":[{"count":10,"href":"http:\/\/www.e-quidam.com\/elblog\/wp-json\/wp\/v2\/posts\/167\/revisions"}],"predecessor-version":[{"id":177,"href":"http:\/\/www.e-quidam.com\/elblog\/wp-json\/wp\/v2\/posts\/167\/revisions\/177"}],"wp:attachment":[{"href":"http:\/\/www.e-quidam.com\/elblog\/wp-json\/wp\/v2\/media?parent=167"}],"wp:term":[{"taxonomy":"category","embeddable":true,"href":"http:\/\/www.e-quidam.com\/elblog\/wp-json\/wp\/v2\/categories?post=167"},{"taxonomy":"post_tag","embeddable":true,"href":"http:\/\/www.e-quidam.com\/elblog\/wp-json\/wp\/v2\/tags?post=167"}],"curies":[{"name":"wp","href":"https:\/\/api.w.org\/{rel}","templated":true}]}}