{"id":1681,"date":"2013-01-22T07:41:40","date_gmt":"2013-01-22T13:41:40","guid":{"rendered":"http:\/\/www.e-quidam.com\/elblog\/?p=1681"},"modified":"2013-05-02T04:24:02","modified_gmt":"2013-05-02T10:24:02","slug":"en-el-trabajo-agregas-el-valor-o-tu-sabes","status":"publish","type":"post","link":"http:\/\/www.e-quidam.com\/elblog\/en-el-trabajo-agregas-el-valor-o-tu-sabes\/","title":{"rendered":"En el trabajo: \u00bfAgregas el valor o &#8230; ? (T\u00fa sabes)"},"content":{"rendered":"<p>Si has le\u00eddo este blog por alg\u00fan tiempo sabr\u00e1s que me encantan las b\u00fasquedas continuas. La exploraci\u00f3n de m\u00ed misma, la profundizaci\u00f3n de las relaciones interpersonales, la <a title=\"\u00a1Va con TODO!\" href=\"http:\/\/www.e-quidam.com\/elblog\/?p=1341\" target=\"_blank\">M-Cab<\/a> y todo eso me llenan de energ\u00eda y me hacen revalorar el papel del trabajo en la existencia. Al menos en la m\u00eda y &#8211; conste que por elecci\u00f3n propia &#8211; en la de mis clientes, receptores de coaching y lectores de este blog.<\/p>\n<p style=\"text-align: right;\"><em>(Advertencia: si odias \u00abbuscarle tres pies al gato\u00bb y prefieres \u00abir por donde te lleve el viento\u00bb puedes dejar este escrito. Te aburrir\u00e1 horrores y esa no es mi intenci\u00f3n.)<\/em><\/p>\n<p style=\"text-align: left;\">Pues hoy por hoy, la <a href=\"http:\/\/etimologias.dechile.net\/?pesquisa\" target=\"_blank\">pesquisa<\/a> tiene que ver con c\u00f3mo agregar valor en el trabajo. D\u00eda con d\u00eda me lo pregunto: \u00bfQu\u00e9 valor agrego en este caso? \u00bfPorqu\u00e9 el hecho de que yo est\u00e9 aqu\u00ed, con mis conocimientos y puntos de vista, con mis habilidades y energ\u00eda, es distinto a que estuviera alguien m\u00e1s? \u00bfQu\u00e9 har\u00e1 este proyecto m\u00e1s provechoso? \u00bfQu\u00e9 puedo aportar que nos permite un verdadero avance como equipo, organizaci\u00f3n, sociedad? No siempre son preguntas f\u00e1ciles de responder, pero una y otra vez me invitan a poner toda mi atenci\u00f3n en c\u00f3mo puedo hacerlo mejor. No solamente ayudan a sentirse m\u00e1s significativo, sino que dan a quien se las pregunta la tarea de explorar nuevas soluciones y aportaciones productivas.<\/p>\n<p style=\"text-align: left;\">Adem\u00e1s, lo alternativa me disgusta bastante. Me imagino haciendo lo m\u00ednimo indispensable (o me recuerdo cuando alguna vez he estado as\u00ed) y me aburro s\u00f3lo de pensarlo. Nunca he sido feliz dejando las cosas como son. Inclusive las que son muy buenas. S\u00ed, las disfruto por supuesto y soy firme partidaria de disfrutar los logros y de fluir con lo que hay. Mas nada hay mejor que esa chispa naciendo en tu interior que pregunta: \u00bfC\u00f3mo puedo contribuir m\u00e1s?<\/p>\n<p style=\"text-align: left;\">Cada vez las organizaciones hablan m\u00e1s del tema de agregar valor. Empecemos por qu\u00e9 significa para ti. Realiza un inventario de todas las formas en que agregas valor a tu trabajo. Recuerda que agregar valor se tiene que interpretar en t\u00e9rminos del otro, con relaci\u00f3n a lo que ese otro persigue. Agrego valor a otra persona cuando lo apoyo en acercarse a lo que quiere. Agregas valor a la organizaci\u00f3n cuando acercas la meta esperada o construyes la posibilidad de superarla, de revisitarla y afinarla. As\u00ed que&#8230; \u00a1Piensa r\u00e1pido! Escribe tres formas en que agregas valor a tu trabajo cada d\u00eda. Quizas eres el visionario del grupo o el experto m\u00e1s astuto o el que pregunta lo que nadie m\u00e1s ha observado. Encuentra las formas en que usar tus talentos naturales suma o multiplica.<\/p>\n<p style=\"text-align: left;\">\u00a1Ese es el valor que agregas!<\/p>\n<p style=\"text-align: left;\">Ahora observa si queda m\u00e1s valor por agregar. Si tienes el valor (o te vale, como dicen unos anuncios Mexicanos) a la mano d\u00eda con d\u00eda en tu trabajo. Porque si no, est\u00e1s qued\u00e1ndote corto y tanto t\u00fa como el trabajo se pierden de algo muy bueno. Todo trabajo es un intercambio de valor y hablaremos m\u00e1s de eso en art\u00edculos futuros. Aseg\u00farate de cumplir y exceder tu parte del trato. El beneficio no es \u00fanicamente para tus colaboradores o clientes, es tambi\u00e9n para ti mismo. Te sentir\u00e1s sin duda m\u00e1s pleno, m\u00e1s energizado, m\u00e1s libre de actuar conforme m\u00e1s valor agregues a tu cometido de cada d\u00eda.<\/p>\n<p><em><a href=\"http:\/\/www.e-quidam.com\/elblog\/wp-content\/uploads\/2008\/11\/Mone-Oficial-2011.jpg\"><img loading=\"lazy\" decoding=\"async\" class=\"alignleft\" style=\"margin-top: 6px; margin-bottom: 6px;\" title=\"Mone Oficial 2011\" alt=\"\" src=\"http:\/\/www.e-quidam.com\/elblog\/wp-content\/uploads\/2008\/11\/Mone-Oficial-2011.jpg\" width=\"110\" height=\"129\" \/><\/a><a title=\"Monica Diaz de Peralta\" href=\"http:\/\/www.linkedin.com\/in\/monicadiazdeperalta\" target=\"_blank\">M\u00f3nica Diaz<\/a>\u00a0es Directora General de\u00a0<a title=\"Quidam Global\" href=\"http:\/\/www.quidamglobal.com\/\" target=\"_blank\">Qu\u00eddam Global<\/a>, una organizaci\u00f3n con m\u00e1s de 20 a\u00f1os en la creaci\u00f3n de cultura sana en las organizaciones y desarrollo de talento. Su modelo de Coaching Q ha servido a ejecutivos, directores, gerentes, coaches, profesores y personas de muy distintos \u00e1mbitos para crear capacidades de acci\u00f3n que les permiten cambios permanentes y evolutivos. Esta es UNA de las muchas sorpresas que tenemos para 2012.\u00a0<em>Si eres un nuevo gerente o un gerente experimentado enfrentando un cambio de responsabilidad,\u00a0<\/em><a title=\"FELICIDADES POR LA GERENCIA\" href=\"http:\/\/www.e-quidam.com\/enlinea\" target=\"_blank\">\u00a0\u00a1Felicidades por la Gerencia! \u00bfY ahora qu\u00e9?<\/a>\u00a0es un programa justo para ti. \u00a0Si est\u00e1s en Twitter, puedes seguirnos en el tweet de\u00a0<a title=\"Quidam Global en Twitter\" href=\"http:\/\/www.twitter.com\/quidamglobal\" target=\"_blank\">Qu\u00eddam<\/a>\u00a0o el de\u00a0<a title=\"M\u00f3nica Diaz en Twitter\" href=\"http:\/\/www.twitter.com\/monediaz\" target=\"_blank\">M\u00f3nica Diaz\u00a0<\/a>, o bien en nuestra p\u00e1gina de\u00a0<a title=\"Quidam en Facebook\" href=\"http:\/\/www.facebook.com\/quidamglobal\" target=\"_blank\">Facebook<\/a>.<\/em><\/p>\n<div><\/div>\n","protected":false},"excerpt":{"rendered":"<p>Si has le\u00eddo este blog por alg\u00fan tiempo sabr\u00e1s que me encantan las b\u00fasquedas continuas. [&hellip;]<\/p>\n","protected":false},"author":1,"featured_media":0,"comment_status":"open","ping_status":"closed","sticky":false,"template":"","format":"standard","meta":{"footnotes":""},"categories":[9,4],"tags":[33,30,10,25,31,32,26,80,6],"class_list":["post-1681","post","type-post","status-publish","format-standard","hentry","category-productividad","category-vida-organizacional","tag-aspiraciones","tag-autenticidad","tag-desarrollo-profesional","tag-energia","tag-exito","tag-logros","tag-motivacion","tag-productividad","tag-valores"],"_links":{"self":[{"href":"http:\/\/www.e-quidam.com\/elblog\/wp-json\/wp\/v2\/posts\/1681","targetHints":{"allow":["GET"]}}],"collection":[{"href":"http:\/\/www.e-quidam.com\/elblog\/wp-json\/wp\/v2\/posts"}],"about":[{"href":"http:\/\/www.e-quidam.com\/elblog\/wp-json\/wp\/v2\/types\/post"}],"author":[{"embeddable":true,"href":"http:\/\/www.e-quidam.com\/elblog\/wp-json\/wp\/v2\/users\/1"}],"replies":[{"embeddable":true,"href":"http:\/\/www.e-quidam.com\/elblog\/wp-json\/wp\/v2\/comments?post=1681"}],"version-history":[{"count":9,"href":"http:\/\/www.e-quidam.com\/elblog\/wp-json\/wp\/v2\/posts\/1681\/revisions"}],"predecessor-version":[{"id":1702,"href":"http:\/\/www.e-quidam.com\/elblog\/wp-json\/wp\/v2\/posts\/1681\/revisions\/1702"}],"wp:attachment":[{"href":"http:\/\/www.e-quidam.com\/elblog\/wp-json\/wp\/v2\/media?parent=1681"}],"wp:term":[{"taxonomy":"category","embeddable":true,"href":"http:\/\/www.e-quidam.com\/elblog\/wp-json\/wp\/v2\/categories?post=1681"},{"taxonomy":"post_tag","embeddable":true,"href":"http:\/\/www.e-quidam.com\/elblog\/wp-json\/wp\/v2\/tags?post=1681"}],"curies":[{"name":"wp","href":"https:\/\/api.w.org\/{rel}","templated":true}]}}