{"id":1691,"date":"2013-05-02T04:41:03","date_gmt":"2013-05-02T10:41:03","guid":{"rendered":"http:\/\/www.e-quidam.com\/elblog\/?p=1691"},"modified":"2013-05-02T04:52:38","modified_gmt":"2013-05-02T10:52:38","slug":"de-ida-y-vuelta","status":"publish","type":"post","link":"http:\/\/www.e-quidam.com\/elblog\/de-ida-y-vuelta\/","title":{"rendered":"De ida y vuelta."},"content":{"rendered":"<p>Hoy acced\u00ed a este blog y me encontr\u00e9 &#8211; en algunos art\u00edculos anteriores &#8211; comentarios de personas que han sido movidas por lo que aqu\u00ed converso con ustedes, queridos lectores. Y record\u00e9 porqu\u00e9 escribo. No siempre es f\u00e1cil saber que ustedes est\u00e1n all\u00e1, del otro lado de la pantalla, reflexionando, haciendo suyos los conceptos y estando de acuerdo conmigo o no. \u00a1Qu\u00e9 importante es recibir retroalimentaci\u00f3n y que la conversaci\u00f3n sea de ida y vuelta.<\/p>\n<p>Me doy cuenta hoy, como tantas otras veces que necesito asegurarme de decir a otros lo que siento, lo que me despiertan sus palabras y lo que me sirve saber lo que ellos saben, ver lo que ellos ven. Incluso en mi entorno inmediato. As\u00ed que tom\u00e9 el tel\u00e9fono para llamar a una vieja amiga que puso un breve comentario en Facebook que yo escuch\u00e9 como un lamento. Hay una forma de saberlo, me dije. Y pregunt\u00e9. Resulta que s\u00ed, necesita hablar, lo escrito ten\u00eda el subtexto que pude leer por mi cari\u00f1o a ella, por nuestra historia juntas. Y casi me quedo sin decirle que me qued\u00e9 preocupada, que puedo apoyarla de varios modos. \u00a1Qu\u00e9 bendici\u00f3n!<\/p>\n<p>As\u00ed que hoy los invito a la reflexi\u00f3n de lo que cada uno de nosotros puede hacer, en el trabajo o en la vida personal, para asegurar que la comunicaci\u00f3n va de ida y vuelta. Por supuesto que no puedo obligar a que lo que env\u00edo me regrese &#8211; aunque a veces preguntar no est\u00e1 de m\u00e1s \ud83d\ude42 pero s\u00ed podemos asegurarnos de compartir con otros lo que sus palabras o acciones nos despiertan. Es esa la parte a la que ellos no necesariamente tienen acceso. Inclusive, s\u00e9 que no quiero dejarles el peso de adivinar lo que siento y pienso. \u00a1Qu\u00e9 tarea tan ingrata!<\/p>\n<blockquote><p>Si tienes que adivinar lo que me sucede, te he dejado una tarea tit\u00e1nica. Porque te quiero y me interesa nuestra relaci\u00f3n, estoy dispuesta a ser vulnerable y decirte mis reacciones. Estoy lista para entender que no siempre estaremos de acuerdo y eso&#8230;es maravilloso.<\/p><\/blockquote>\n<p>Hace poco, en el <a href=\"http:\/\/www.reservadepalabras.org\/apadrina-listar.php?palabra=reborujo\" target=\"_blank\">reborujo<\/a>\u00a0que implica aclarar un malentendido, me toc\u00f3 estar en la parte adivinadora. El otro me dijo que nunca lo escuchar\u00eda quejarse y, esencialmente, que el mal rato entre nosotros ten\u00eda un alto potencial de repetirse. A menos que yo leyera las sutilezas de su lenguaje al pie de la letra y que entendiera como el buen entendedor, con pocas palabras. Aun cuando en general soy buena para eso (y procuro verificar, para no quedarme en suposiciones), me temo que prefiero las cosas un tanto m\u00e1s claras.<\/p>\n<blockquote><p>Yo no entiendo a se\u00f1as. Prefiero la palabra sincera y la interacci\u00f3n constante.<\/p><\/blockquote>\n<p>\u00bfY t\u00fa?<\/p>\n<p>&nbsp;<\/p>\n<p>&nbsp;<\/p>\n","protected":false},"excerpt":{"rendered":"<p>Hoy acced\u00ed a este blog y me encontr\u00e9 &#8211; en algunos art\u00edculos anteriores &#8211; comentarios [&hellip;]<\/p>\n","protected":false},"author":1,"featured_media":0,"comment_status":"open","ping_status":"closed","sticky":false,"template":"","format":"standard","meta":{"footnotes":""},"categories":[3],"tags":[30,17,34,6],"class_list":["post-1691","post","type-post","status-publish","format-standard","hentry","category-temasinteres","tag-autenticidad","tag-escuchar","tag-sabiduria","tag-valores"],"_links":{"self":[{"href":"http:\/\/www.e-quidam.com\/elblog\/wp-json\/wp\/v2\/posts\/1691","targetHints":{"allow":["GET"]}}],"collection":[{"href":"http:\/\/www.e-quidam.com\/elblog\/wp-json\/wp\/v2\/posts"}],"about":[{"href":"http:\/\/www.e-quidam.com\/elblog\/wp-json\/wp\/v2\/types\/post"}],"author":[{"embeddable":true,"href":"http:\/\/www.e-quidam.com\/elblog\/wp-json\/wp\/v2\/users\/1"}],"replies":[{"embeddable":true,"href":"http:\/\/www.e-quidam.com\/elblog\/wp-json\/wp\/v2\/comments?post=1691"}],"version-history":[{"count":12,"href":"http:\/\/www.e-quidam.com\/elblog\/wp-json\/wp\/v2\/posts\/1691\/revisions"}],"predecessor-version":[{"id":1715,"href":"http:\/\/www.e-quidam.com\/elblog\/wp-json\/wp\/v2\/posts\/1691\/revisions\/1715"}],"wp:attachment":[{"href":"http:\/\/www.e-quidam.com\/elblog\/wp-json\/wp\/v2\/media?parent=1691"}],"wp:term":[{"taxonomy":"category","embeddable":true,"href":"http:\/\/www.e-quidam.com\/elblog\/wp-json\/wp\/v2\/categories?post=1691"},{"taxonomy":"post_tag","embeddable":true,"href":"http:\/\/www.e-quidam.com\/elblog\/wp-json\/wp\/v2\/tags?post=1691"}],"curies":[{"name":"wp","href":"https:\/\/api.w.org\/{rel}","templated":true}]}}