{"id":1693,"date":"2013-02-27T08:50:50","date_gmt":"2013-02-27T14:50:50","guid":{"rendered":"http:\/\/www.e-quidam.com\/elblog\/?p=1693"},"modified":"2013-05-02T04:56:09","modified_gmt":"2013-05-02T10:56:09","slug":"los-maestros-en-mexico-ahora-quien-podra-defenderlos","status":"publish","type":"post","link":"http:\/\/www.e-quidam.com\/elblog\/los-maestros-en-mexico-ahora-quien-podra-defenderlos\/","title":{"rendered":"Los Maestros en M\u00e9xico: \u00bfAhora qui\u00e9n podr\u00e1 defenderlos?"},"content":{"rendered":"<p><a href=\"http:\/\/usuariox.files.wordpress.com\/2009\/04\/chapulin_colorado.jpg?w=474\"><img loading=\"lazy\" decoding=\"async\" class=\"alignleft\" alt=\"\" src=\"http:\/\/usuariox.files.wordpress.com\/2009\/04\/chapulin_colorado.jpg?w=474\" width=\"282\" height=\"361\" \/><\/a>Pues el Chapul\u00edn Colorado, no ser\u00e1. Lo s\u00e9, es chiste local, pero para los lectores que no lo conozcan, el consabido <a href=\"http:\/\/es.wikipedia.org\/wiki\/El_Chapul%C3%ADn_Colorado\" target=\"_blank\">Chapul\u00edn<\/a> es un superh\u00e9roe mexicano que siempre aparec\u00eda cuando alguien se hac\u00eda esa pregunta: \u00ab\u00bfAhora qui\u00e9n podr\u00e1 defendernos?\u00bb La detenci\u00f3n ayer de la l\u00edder del SNTE (Sindicato Nacional de Trabajadores de la Educaci\u00f3n) nos deja con reacciones diversas, grandes pasiones e interrogantes.<\/p>\n<p>Para mi, m\u00e1s all\u00e1 del hecho de saber si es un montaje preparado maquiav\u00e9licamente por el gobierno- como dicen algunos &#8211; o un acto justo y necesario \u00a0(todo eso se lo dejo al sistema legal de nuestro pa\u00eds), me interesa ahora qu\u00e9 suceder\u00e1 con los Maestros. \u00bfSer\u00e1 posible que un sindicato con una historia tan triste y decididamente nociva para nuestra sociedad cambie de rumbo? Considero que ese cambio ser\u00eda necesario en otros muchos sindicatos de nuestro pa\u00eds y algunos pa\u00edses m\u00e1s. Y no se\u00e1 f\u00e1cil.<\/p>\n<p>S\u00ed creo que muchos del gremio se preguntar\u00e1n qui\u00e9n podr\u00e1 defenderlos. Pero \u00bfes eso lo que requieren? \u00bfDefenderlos de qui\u00e9n? Imaginen que llega al frente un l\u00edder distinto. Uno que en lugar de seguir considerando a los trabajadores \u00a0y en este caso a los maestros, como v\u00edctimas de una fuerza opresora contraria a ellos, los levanta y les recuerda qui\u00e9nes debieran ser, qui\u00e9nes pudieran ser, si ocuparan el lugar que les corresponde en el mundo. \u00bfNo debieran todas las fuerzas subordinarse a una mayor: la necesidad de una educaci\u00f3n efectiva en un pa\u00eds con grandes retos?<\/p>\n<p>No suelo escribir de pol\u00edtica, ni de asuntos sindicales. Lo que s\u00ed quiero recalcar es que el rol de v\u00edctima nunca le qued\u00f3 bien a nadie, y mucho menos lo quiero para aquellos que tienen en sus manos la noble tarea de guiar a una nueva generaci\u00f3n. \u00bfQu\u00e9 podr\u00eda ense\u00f1arle a nuestros hijos de la vida una persona que se siente v\u00edctima? Para mi, no hay labor m\u00e1s respetable que la de ellos: educar es un privilegio y todos queremos que lo hagan bien y en libertad. Los padres estaremos de acuerdo en exigir sueldos m\u00e1s competitivos para los maestros que est\u00e1n creando verdaderas posibilidades para nuestros hijos, que ejercen su labor con vocaci\u00f3n y entrega.<\/p>\n<p>\u00bfQu\u00e9 tal un dirigente que les recuerde lo grande e importante que es la tarea diaria del maestro para el pa\u00eds y el mundo? \u00bfQu\u00e9 tal que los invitamos a participar de la modernidad y a aspirar a algo mucho mejor que organizar protestas? Quiero un l\u00edder de verdad, que ame el magisterio y que sea capaz de colaborar con quienes sea necesario en beneficio de la sociedad. \u00bfSer\u00e1 posible?<\/p>\n<p>Necesitamos empoderar a los maestros, record\u00e1ndoles la significancia de la educaci\u00f3n en general y de su rol en ella. Podemos crearles una identidad de personas de impacto social, que lejos de ser v\u00edctimas son punta de lanza en la creaci\u00f3n de un futuro posible. Hay miles de maestros que merecen serlo. Necesitamos alguien al frente que lo sepa y lo refuerce en todas sus acciones. Y necesitamos que se dedique a lo que le toca para que con su ejemplo sea protagonista de un nuevo enfoque sindical. Uno congruente e inspirador para todos.<\/p>\n<p>\u00bfAhora qui\u00e9n podr\u00e1 levantarlos?<\/p>\n<p>&nbsp;<\/p>\n","protected":false},"excerpt":{"rendered":"<p>Pues el Chapul\u00edn Colorado, no ser\u00e1. Lo s\u00e9, es chiste local, pero para los lectores [&hellip;]<\/p>\n","protected":false},"author":1,"featured_media":0,"comment_status":"open","ping_status":"closed","sticky":false,"template":"","format":"standard","meta":{"footnotes":""},"categories":[3],"tags":[],"class_list":["post-1693","post","type-post","status-publish","format-standard","hentry","category-temasinteres"],"_links":{"self":[{"href":"http:\/\/www.e-quidam.com\/elblog\/wp-json\/wp\/v2\/posts\/1693","targetHints":{"allow":["GET"]}}],"collection":[{"href":"http:\/\/www.e-quidam.com\/elblog\/wp-json\/wp\/v2\/posts"}],"about":[{"href":"http:\/\/www.e-quidam.com\/elblog\/wp-json\/wp\/v2\/types\/post"}],"author":[{"embeddable":true,"href":"http:\/\/www.e-quidam.com\/elblog\/wp-json\/wp\/v2\/users\/1"}],"replies":[{"embeddable":true,"href":"http:\/\/www.e-quidam.com\/elblog\/wp-json\/wp\/v2\/comments?post=1693"}],"version-history":[{"count":7,"href":"http:\/\/www.e-quidam.com\/elblog\/wp-json\/wp\/v2\/posts\/1693\/revisions"}],"predecessor-version":[{"id":1717,"href":"http:\/\/www.e-quidam.com\/elblog\/wp-json\/wp\/v2\/posts\/1693\/revisions\/1717"}],"wp:attachment":[{"href":"http:\/\/www.e-quidam.com\/elblog\/wp-json\/wp\/v2\/media?parent=1693"}],"wp:term":[{"taxonomy":"category","embeddable":true,"href":"http:\/\/www.e-quidam.com\/elblog\/wp-json\/wp\/v2\/categories?post=1693"},{"taxonomy":"post_tag","embeddable":true,"href":"http:\/\/www.e-quidam.com\/elblog\/wp-json\/wp\/v2\/tags?post=1693"}],"curies":[{"name":"wp","href":"https:\/\/api.w.org\/{rel}","templated":true}]}}