{"id":191,"date":"2009-11-24T04:05:13","date_gmt":"2009-11-24T10:05:13","guid":{"rendered":"http:\/\/www.e-quidam.com\/elblog\/?p=191"},"modified":"2009-11-24T04:05:37","modified_gmt":"2009-11-24T10:05:37","slug":"la-ultima-frontera-del-lider","status":"publish","type":"post","link":"http:\/\/www.e-quidam.com\/elblog\/la-ultima-frontera-del-lider\/","title":{"rendered":"La \u00daltima Frontera del L\u00edder."},"content":{"rendered":"<p><img loading=\"lazy\" decoding=\"async\" class=\"alignright size-medium wp-image-197\" title=\"bigstockphoto_On_The_Edge_Of_Space_1324613\" src=\"http:\/\/www.e-quidam.com\/elblog\/wp-content\/uploads\/2009\/11\/bigstockphoto_On_The_Edge_Of_Space_1324613-200x300.jpg\" alt=\"bigstockphoto_On_The_Edge_Of_Space_1324613\" width=\"200\" height=\"300\" srcset=\"http:\/\/www.e-quidam.com\/elblog\/wp-content\/uploads\/2009\/11\/bigstockphoto_On_The_Edge_Of_Space_1324613-200x300.jpg 200w, http:\/\/www.e-quidam.com\/elblog\/wp-content\/uploads\/2009\/11\/bigstockphoto_On_The_Edge_Of_Space_1324613.jpg 600w\" sizes=\"auto, (max-width: 200px) 100vw, 200px\" \/>Pi\u00e9nsalo. \u00bfCu\u00e1l es la \u00faltima frontera para expander tu liderazgo? \u00a0\u00bfC\u00f3mo puedes profundizarlo? \u00bfAmpliarlo? \u00bfPensar en grande? \u00bfActuar con intencionalidad? \u00a0Desde donde est\u00e9s, puedes ser l\u00edder, ya sea la cima de una organizaci\u00f3n, el coraz\u00f3n de un movimiento o tu rinc\u00f3n del mundo, siempre hay formas en las que puedes expander el liderazgo que tienes y acercarlo al punto de realmente hacer la diferencia que has querido crear a tu alrededor. \u00a0Ya sea que descubras en ti a un l\u00edder nato, o que tengas que recordar cada d\u00eda los pasos que requieres para asumir el liderazgo, siempre queda m\u00e1s por hacer. \u00a0\u00a1Tal es la belleza del liderazgo y de la vida!<\/p>\n<p>Aquellos que son fan\u00e1ticos de la antigua serie de \u00abViaje a las Estrellas\u00bb (Star Trek), recordar\u00e1n que se hablaba del espacio como la \u00faltima frontera. \u00a0Pero no es el vasto universo el que hay que conquistar primero. Hay suficiente terreno inexplorado mucho m\u00e1s cerca de casa. El espacio interior. \u00a0Por extra\u00f1o que parezca, la \u00faltima frontera de un l\u00edder siempre yace dentro de s\u00ed mismo. \u00a0Le toca a cada l\u00edder cuestionarse y a cada ser humano aprender que es necesario buscar en su espacio interior \u00a0fortaleza, coraje, motivos, gu\u00eda e intenciones. \u00a0\u00bfSe dice f\u00e1cil? Los m\u00e1s grandes l\u00edderes se distinguen de otros por la maestr\u00eda que buscan en s\u00ed mismos d\u00eda tras d\u00eda.<\/p>\n<p>A esa maestr\u00eda de s\u00ed mismo se puede llegar por diversios caminos y, como sabr\u00e1s por experiencia propia, es el viaje de toda una vida. \u00a0Un viaje que cada l\u00edder necesita realizar y asegurarse cotidianamente de continuar en \u00e9l. \u00a0Como punto de partida, vale la pena establecer una pr\u00e1ctica reflexiva consistente y clara. Muchos de nosotros tomamos los primeros momentos del d\u00eda y los \u00faltimos para la reflexi\u00f3n y el di\u00e1logo interno. \u00a0\u00daltimamente, mis receptores de coaching y yo hemos estado afinando las preguntas que queremos hacernos a nosotros mismos. \u00a0Les comparto una serie de tres preguntas que se pueden hacer en tres distintos momentos del d\u00eda y que quiz\u00e1s te ayuden a mantenerte en el camino. \u00a0Estas simples preguntas pueden despertar tu imaginaci\u00f3n, dirigirte hacia adentro y darte posibilidades para que las compartas con otros. \u00a0Quiz\u00e1s tambi\u00e9n quieras compartir aqu\u00ed c\u00f3mo reflexionas t\u00fa, para que podamos aprender de la interacci\u00f3n, de l\u00edder a l\u00edder.<\/p>\n<p>Preg\u00fantate por la ma\u00f1ana:<\/p>\n<blockquote><p>\u00bfA d\u00f3nde quiero llegar hoy?<\/p>\n<p>\u00bfQu\u00e9 quiero aprender?<\/p>\n<p>\u00bfQu\u00e9 retos\/obst\u00e1culos estoy dispuesto a librar?<\/p><\/blockquote>\n<p>Preg\u00fantate a mitad del d\u00eda:<\/p>\n<blockquote><p>\u00bfA d\u00f3nde me estoy dirigiendo?<\/p>\n<p>\u00bfQu\u00e9 estoy por aprender?<\/p>\n<p>\u00bfC\u00f3mo puedo librar mejor los retos\/obst\u00e1culos que estoy enfrentando?<\/p><\/blockquote>\n<p>Preg\u00fantate al final del d\u00eda:<\/p>\n<blockquote><p>\u00bfA d\u00f3nde me dirig\u00ed hoy?<\/p>\n<p>\u00bfQu\u00e9 elijo aprender?<\/p>\n<p>\u00bfQu\u00e9 retos\/obst\u00e1culos he dejado atr\u00e1s hoy y cu\u00e1les dejar\u00e9 para librarlos en otro d\u00eda?<\/p><\/blockquote>\n<div class=\"zemanta-pixie\" style=\"margin-top: 10px; height: 15px;\"><a class=\"zemanta-pixie-a\" title=\"Reblog this post [with Zemanta]\" href=\"http:\/\/reblog.zemanta.com\/zemified\/2def7b11-362d-4589-ab7a-e2b89fea6566\/\"><img decoding=\"async\" class=\"zemanta-pixie-img\" style=\"border: none; float: right;\" src=\"http:\/\/img.zemanta.com\/reblog_e.png?x-id=2def7b11-362d-4589-ab7a-e2b89fea6566\" alt=\"Reblog this post [with Zemanta]\" \/><\/a><span class=\"zem-script more-related pretty-attribution\"><script src=\"http:\/\/static.zemanta.com\/readside\/loader.js\" type=\"text\/javascript\"><\/script><\/span><\/div>\n","protected":false},"excerpt":{"rendered":"<p>Pi\u00e9nsalo. \u00bfCu\u00e1l es la \u00faltima frontera para expander tu liderazgo? \u00a0\u00bfC\u00f3mo puedes profundizarlo? \u00bfAmpliarlo? \u00bfPensar [&hellip;]<\/p>\n","protected":false},"author":1,"featured_media":0,"comment_status":"open","ping_status":"closed","sticky":false,"template":"","format":"standard","meta":{"footnotes":""},"categories":[7,4],"tags":[19,20,79,18,21],"class_list":["post-191","post","type-post","status-publish","format-standard","hentry","category-liderazgo","category-vida-organizacional","tag-auto-estima","tag-desarrollo","tag-liderazgo","tag-organizacion","tag-star-trek"],"_links":{"self":[{"href":"http:\/\/www.e-quidam.com\/elblog\/wp-json\/wp\/v2\/posts\/191","targetHints":{"allow":["GET"]}}],"collection":[{"href":"http:\/\/www.e-quidam.com\/elblog\/wp-json\/wp\/v2\/posts"}],"about":[{"href":"http:\/\/www.e-quidam.com\/elblog\/wp-json\/wp\/v2\/types\/post"}],"author":[{"embeddable":true,"href":"http:\/\/www.e-quidam.com\/elblog\/wp-json\/wp\/v2\/users\/1"}],"replies":[{"embeddable":true,"href":"http:\/\/www.e-quidam.com\/elblog\/wp-json\/wp\/v2\/comments?post=191"}],"version-history":[{"count":10,"href":"http:\/\/www.e-quidam.com\/elblog\/wp-json\/wp\/v2\/posts\/191\/revisions"}],"predecessor-version":[{"id":202,"href":"http:\/\/www.e-quidam.com\/elblog\/wp-json\/wp\/v2\/posts\/191\/revisions\/202"}],"wp:attachment":[{"href":"http:\/\/www.e-quidam.com\/elblog\/wp-json\/wp\/v2\/media?parent=191"}],"wp:term":[{"taxonomy":"category","embeddable":true,"href":"http:\/\/www.e-quidam.com\/elblog\/wp-json\/wp\/v2\/categories?post=191"},{"taxonomy":"post_tag","embeddable":true,"href":"http:\/\/www.e-quidam.com\/elblog\/wp-json\/wp\/v2\/tags?post=191"}],"curies":[{"name":"wp","href":"https:\/\/api.w.org\/{rel}","templated":true}]}}