{"id":2055,"date":"2014-12-13T07:00:43","date_gmt":"2014-12-13T13:00:43","guid":{"rendered":"http:\/\/www.e-quidam.com\/elblog\/?p=2055"},"modified":"2014-12-12T15:47:45","modified_gmt":"2014-12-12T21:47:45","slug":"d13","status":"publish","type":"post","link":"http:\/\/www.e-quidam.com\/elblog\/d13\/","title":{"rendered":"#ElPlanQ: D\u00eda 13, Pule tu declaraci\u00f3n de visi\u00f3n hasta que brille"},"content":{"rendered":"<blockquote><p><strong>D\u00eda 13 de este programa #ElPlanQ para crear un plan anual inspirador. \u00a0Si llegaste primero aqu\u00ed, visita la p\u00e1gina de inicio del\u00a0<\/strong><a title=\"El Plan Personal Poderoso\" href=\"http:\/\/www.e-quidam.com\/elblog\/?page_id=908\" target=\"_blank\"><strong>PLAN<\/strong><\/a><strong>.\u00a0<\/strong><\/p><\/blockquote>\n<p>Hoy es el paso 13 y est\u00e1s a punto de llegar a la mitad del recorrido. Has completado los 12 anteriores \u00a1Felicidades!<\/p>\n<p>Hoy toma aliento y revisa todo lo que has hecho en menos de dos semanas:<\/p>\n<ul>\n<li>Escribiste los elementos tu\u00a0<strong>legado deseado<\/strong>\u00a0(<a title=\"#ElPlanQ, D\u00eda 7: Dise\u00f1a el legado que deseas\" href=\"http:\/\/www.e-quidam.com\/elblog\/?p=1081\" target=\"_blank\">Paso 7<\/a>)<\/li>\n<li>Declaraste tu\u00a0<strong>prop\u00f3sito de vida\u00a0<\/strong>(<a title=\"#ElPlanQ, D\u00eda 8: Dise\u00f1a tu prop\u00f3sito de vida\" href=\"http:\/\/www.e-quidam.com\/elblog\/?p=1097\" target=\"_blank\">Paso 8<\/a>\u00a0)<\/li>\n<li>Hiciste una primera observaci\u00f3n de tus\u00a0<strong>oportunidades para el a\u00f1o\u00a0<\/strong>(<a title=\"#ElPlanQ, D\u00eda 6: Busca tus oportunidades en el pr\u00f3ximo a\u00f1o\" href=\"http:\/\/www.e-quidam.com\/elblog\/?p=2051\" target=\"_blank\">Paso 6<\/a>)<\/li>\n<li>Comenzaste a delinear los\u00a0<strong>Supuestos de Planeaci\u00f3n\u00a0<\/strong>(<a title=\"#ElPlanQ, D\u00eda 5: Describe tus supuestos de planeaci\u00f3n.\" href=\"http:\/\/www.e-quidam.com\/elblog\/?p=995\" target=\"_blank\">Paso 5<\/a>)<\/li>\n<\/ul>\n<p>Tambi\u00e9n espero que tengas una mejor perspectiva de lo logrado en el a\u00f1o que termina (<a title=\"#ElPlanQ, D\u00eda 3: Celebra tus logros del \u00faltimo a\u00f1o\" href=\"http:\/\/www.e-quidam.com\/elblog\/?p=2018\" target=\"_blank\">Paso 3<\/a>) y las fortalezas con las que cuentas (<a title=\"#ElPlanQ, D\u00eda 4: Reafirma tus fortalezas personales.\" href=\"http:\/\/www.e-quidam.com\/elblog\/?p=2046\" target=\"_blank\">Paso 4<\/a>). Adem\u00e1s, identificaste personas modelo en cada elemento clave de tu visi\u00f3n (<a title=\"#ElPlanQ, D\u00eda 11: Selecciona personas modelo.\" href=\"http:\/\/www.e-quidam.com\/elblog\/?p=1152\" target=\"_blank\">Paso 11<\/a>). \u00a1Impactante!<\/p>\n<p>Ma\u00f1ana, en el\u00a0<a title=\"Paso 14\" href=\"http:\/\/www.e-quidam.com\/elblog\/?p=1175\" target=\"_blank\">Paso 14<\/a>\u00a0empezaremos el proceso de crear estrategias de \u00e9xito para el pr\u00f3ximo a\u00f1o. \u00c9stas se traducir\u00e1n luego en metas para el a\u00f1o. Las metas para el pr\u00f3ximo a\u00f1o se asociar\u00e1n con m\u00e9tricas que te permitir\u00e1n dar seguimiento a tu \u00e9xito durante el a\u00f1o. Y, sin duda alguna, si contin\u00faas agregando cada paso diario tendr\u00e1s un plan completo para dentro de menos de tres semanas.<\/p>\n<p>Hoy es un gran d\u00eda para pulir tu declaraci\u00f3n de visi\u00f3n. Aqu\u00ed algunos consejos para hacerlo:<\/p>\n<p>1)\u00a0\u00a0 Tu declaraci\u00f3n de visi\u00f3n debe ser aspiracional para ti. Debe incluir la esencia de c\u00f3mo aspiras a vivir tu vida. Por ejemplo, \u201cser un l\u00edder espiritual\u201d es un buen punto de partida para una declaraci\u00f3n de visi\u00f3n. Por otro lado, si uno realmente creyera en la importancia de lo que hace, querr\u00eda expresarlo de manera enf\u00e1tica y ampliar el alcance de este cometido. Por tanto, \u201cser el l\u00edder espiritual m\u00e1s buscado\u201d o \u201cel l\u00edder espiritual m\u00e1s reconocido\u201d ser\u00eda m\u00e1s aspiracional a\u00fan. Aseg\u00farate de que tu declaraci\u00f3n tenga los modificadores y adjetivos cualitativos y cuantitativos necesarios para ampliar los elementos clave de tu visi\u00f3n.<\/p>\n<p>2)\u00a0Tu declaraci\u00f3n de visi\u00f3n debe tener una l\u00f3gica y ritmo que la hagan f\u00e1cil de memorizar. El punto no es que tengas que tenerlo en la memoria, sino que, si la l\u00f3gica y el ritmo te ayudan, ser\u00e1 natural y f\u00e1cil hacerlo. T\u00f3mate el tiempo para pulir la l\u00f3gica y el ritmo, leyendo en voz alta varias veces lo que has escrito.<\/p>\n<p>3)\u00a0Busca formas de agrupar los elementos adicionales si tienes varios. Por ejemplo, en mi propia declaraci\u00f3n de visi\u00f3n agrupo varios elementos importantes de apoyo con la frase \u201cviviendo en la zona\u201d.\u00a0<a title=\"Vivir en la Zona\" href=\"http:\/\/www.e-quidam.com\/elblog\/?page_id=1115\" target=\"_blank\">Vivir en la Zona\u00a0<\/a>es un concepto que uso a menudo en mi trabajo con personas de alto desempe\u00f1o y tiene un significado ricamente incluyente en mi caso. \u00bfQu\u00e9 elementos de apoyo puedes agrupar en una frase, que te haga sentido a TI?<\/p>\n<p>4)\u00a0\u00a0Prueba tu declaraci\u00f3n de visi\u00f3n usando tu legado deseado del\u00a0<a title=\"#ElPlanQ, D\u00eda 7: Dise\u00f1a el legado que deseas\" href=\"http:\/\/www.e-quidam.com\/elblog\/?p=1081\" target=\"_blank\">Paso 7<\/a>. Si vivieras la vida en concordancia con esa visi\u00f3n, \u00bfEs probable que produzcas el legado que quieres?<\/p>\n<p>5) \u00a0Prueba tu declaraci\u00f3n de visi\u00f3n, usando tu declaraci\u00f3n de prop\u00f3sito de vida del\u00a0<a title=\"#ElPlanQ, D\u00eda 8: Dise\u00f1a tu prop\u00f3sito de vida\" href=\"http:\/\/www.e-quidam.com\/elblog\/?p=1097\" target=\"_blank\">Paso 8<\/a>. Si vives tu vida de acuerdo con esa visi\u00f3n, \u00bfestar\u00edas vivi\u00e9ndola \u201ccon prop\u00f3sito\u201d? Un peque\u00f1o porcentaje de la poblaci\u00f3n adulta es capaz de articular el prop\u00f3sito de su vida. Muchos menos son los que honestamente pueden decir que viven su vida con dicho prop\u00f3sito.<\/p>\n<p>6) Prueba tu declaraci\u00f3n de visi\u00f3n usando el poder que tiene para TI. \u00bfEsta visi\u00f3n te entusiasma? \u00bfTe inspira? \u00bfTe empodera?<\/p>\n<p>No te aceleres en estos pasos. Saborea cada uno de ellos, pues tan importante es tener la visi\u00f3n correcta, como que puedas apreciar la consistencia entre tu visi\u00f3n, tu legado y tu prop\u00f3sito.\u00a0<strong><em>\u00a0\u00a0\u00a0\u00a0\u00a0\u00a0\u00a0\u00a0\u00a0\u00a0\u00a0\u00a0\u00a0\u00a0\u00a0\u00a0\u00a0\u00a0\u00a0\u00a0\u00a0\u00a0\u00a0\u00a0\u00a0\u00a0\u00a0\u00a0\u00a0\u00a0\u00a0\u00a0\u00a0\u00a0\u00a0\u00a0\u00a0\u00a0\u00a0\u00a0<\/em><\/strong><\/p>\n<p><strong><em>Cuando tu legado deseado, prop\u00f3sito en la vida y visi\u00f3n est\u00e9n en plena alineaci\u00f3n, estar\u00e1s operando con un maravilloso sentido de paz personal empoderante.\u00a0<\/em><\/strong><\/p>\n<p>Cuando te sientas a gusto con el estatus de tu declaraci\u00f3n de visi\u00f3n, es tiempo de probarla con tu compa\u00f1ero de planeaci\u00f3n, tu coach, mentor, pareja o persona significativa. \u00c1brete a su retroalimentaci\u00f3n, pero recuerda, \u00e9<strong>sta es\u00a0<em>tu<\/em>\u00a0declaraci\u00f3n de visi\u00f3n<\/strong>. La declaraci\u00f3n de visi\u00f3n es un resumen de c\u00f3mo estar\u00e1s viviendo tu vida, no algo que enmarcar\u00e1s como una de esas misiones corporativas que cuelgan en las paredes de las organizaciones y que muchos ignoran por completo.<\/p>\n<p>Como \u00faltimo paso para pulir tu declaraci\u00f3n de visi\u00f3n, espero que nos honres comparti\u00e9ndola con nosotros. Si la env\u00edas, te compartiremos las nuestras ya pulidas, para ver si te ayudan en refinar la tuya a\u00fan m\u00e1s. Dependiendo del volumen de gente, comentaremos en algunas de ellas. Quiz\u00e1s no comentemos en todas, pero el simple hecho de pulirla para compartir puede ser rico para ti. Las instrucciones de c\u00f3mo enviarnos tu declaraci\u00f3n de visi\u00f3n ser\u00e1n inclu\u00eddas en el\u00a0<a title=\"Paso 14\" href=\"http:\/\/www.e-quidam.com\/elblog\/?p=1175\" target=\"_blank\">Paso 14<\/a>.<\/p>\n<p>Espero que te des a la tarea de pulir tu primera declaraci\u00f3n de visi\u00f3n en los a\u00f1os venideros. Pero, si completas los pasos descritos arriba, tu visi\u00f3n actual te servir\u00e1 bien para crear estrategias de \u00e9xito en el pr\u00f3ximo a\u00f1o.\u00a0<strong>\u00a1Felicidades! Has hecho much\u00edsimo en menos de dos semanas. Conf\u00edo en que ya te sientes empoderado, tanto por el proceso como por los resultados.\u00a0<\/strong><\/p>\n<p><strong><em>\u00a0<\/em><\/strong>Cuando hayas completado el Paso 13, puedes acceder al\u00a0<a title=\"Paso 14\" href=\"http:\/\/www.e-quidam.com\/elblog\/?p=1175\" target=\"_blank\">Paso 14<\/a>.<\/p>\n<p>Si deseas recibir un aviso diario en correo electr\u00f3nico suscr\u00edbete en el icono de la parte superior derecha y que parece un sobre. As\u00ed, te llegar\u00e1n autom\u00e1ticamente las nuevas entradas de este blog.<\/p>\n<p>Si te pierdes un d\u00eda, por cualquier raz\u00f3n, simplemente regresa lo antes posible. No te culpes, solo vuelve al proceso.<\/p>\n<p>Si tienes preguntas sobre cualquier paso o si quieres hacer alg\u00fan comentario del proceso, puedes escribir aqu\u00ed abajo o en nuestra p\u00e1gina de\u00a0<a title=\"Quidam en Facebook\" href=\"http:\/\/www.facebook.com\/quidamglobal\" target=\"_blank\">Facebook<\/a>, as\u00ed todos se beneficiar\u00e1n de lo que conversemos.<\/p>\n<p><strong><strong>Nota importante: Si llegaste primero a este paso, a\u00fan no es tarde para unirte a las otras personas de alto desempe\u00f1o que est\u00e1n colaborando para seguir los pasos que se revelan d\u00eda a d\u00eda en este espacio. Puedes empezar\u00a0<a title=\"El Plan Personal Poderoso\" href=\"http:\/\/www.e-quidam.com\/elblog\/?page_id=908\" target=\"_blank\">aqu\u00ed<\/a><strong><strong>.\u00a0<\/strong><\/strong><\/strong><\/strong><\/p>\n<p>&#8212;&#8212;&#8212;&#8212;&#8212;&#8212;&#8212;&#8212;&#8211;<\/p>\n<p><em><a href=\"http:\/\/www.e-quidam.com\/elblog\/wp-content\/uploads\/2008\/11\/Mone-Oficial-2011.jpg\"><img loading=\"lazy\" decoding=\"async\" title=\"Mone Oficial 2011\" src=\"http:\/\/www.e-quidam.com\/elblog\/wp-content\/uploads\/2008\/11\/Mone-Oficial-2011.jpg\" alt=\"\" width=\"110\" height=\"129\" \/><\/a><\/em><\/p>\n<p><em><a title=\"Monica Diaz de Peralta\" href=\"http:\/\/www.linkedin.com\/in\/monicadiazdeperalta\" target=\"_blank\">M\u00f3nica Diaz<\/a>\u00a0es Directora General de\u00a0<a title=\"Quidam Global\" href=\"http:\/\/www.quidamglobal.com\" target=\"_blank\">Qu\u00eddam Global<\/a>, una organizaci\u00f3n mexicana que desde 1994 est\u00e1 dedicada a\u00a0la creaci\u00f3n de cultura sana en las organizaciones y desarrollo de talento. Su modelo de Coaching Q ha servido a ejecutivos, directores, gerentes, coaches, profesores y personas de muy distintos \u00e1mbitos para crear capacidades de acci\u00f3n que les permiten generar cambios permanentes y evolutivos.<\/em><\/p>\n<p><em>Qu\u00eddam Global ofrece una gran diversidad de soluciones, como la prestigiosa metodolog\u00eda de El Elemento Humano\u00ae del Dr. Will Schutz, misma que constituye el centro de nuestro trabajo. Si te interesa fortalecer tu Plan Personal,\u00a0La Carrera Impl\u00edcita\u00ae (Implicit Career Search\u00ae) es un programa de origen canadiense, basado en El Elemento Humano\u00ae, que te\u00a0ayudar\u00e1 a generar un plan de vida y carrera, desde tu esencia hasta tu contribuci\u00f3n \u00fanica. \u00bfTe interesa?\u00a0Escr\u00edbenos a\u00a0<strong>contact@quidamglobal.com<\/strong>.\u00a0<\/em><em>Si est\u00e1s en Twitter, puedes seguirnos en la cuenta de\u00a0<a title=\"Quidam Global en Twitter\" href=\"http:\/\/www.twitter.com\/quidamglobal\" target=\"_blank\">Qu\u00eddam<\/a>\u00a0o en la de\u00a0<a title=\"M\u00f3nica Diaz en Twitter\" href=\"http:\/\/www.twitter.com\/monediaz\" target=\"_blank\">M\u00f3nica Diaz\u00a0<\/a>donde avisaremos de avances en el proceso de #ElPlanQ, o bien en nuestra p\u00e1gina de\u00a0<a title=\"Quidam en Facebook\" href=\"http:\/\/www.facebook.com\/quidamglobal\" target=\"_blank\">Facebook<\/a>.<\/em><\/p>\n<p><em>Este art\u00edculo fue escrito originalmente por\u00a0<a href=\"http:\/\/www.dave-carpenter.com\/\" target=\"_blank\">Dave Carpenter<\/a>. Adem\u00e1s de escribir un blog de manera regular, su trabajo puede leerse en diversas publicaciones de negocios y desarrollo personal. Dave es tambi\u00e9n el creador del\u00a0<a title=\"Accelerate Success Mentoring Program\" href=\"http:\/\/accelerate-success.com\/\" target=\"_blank\"><strong>Accelerate Success<\/strong>\u00a0mentoring program<\/a>\u00a0para l\u00edderes de alto desempe\u00f1o. M\u00f3nica Diaz es coach de varios de sus participantes en espa\u00f1ol. Si deseas, puedes\u00a0<a href=\"http:\/\/twitter.com\/dave_carpenter\" target=\"_blank\">seguir a\u00a0Dave\u00a0en Twitter<\/a>, e<a title=\"Dave Carpenter\" href=\"http:\/\/www.facebook.com\/dave.carpenter1#!\/dave.carpenter1\" target=\"_blank\">n Facebook<\/a>, y\/o\u00a0<a title=\"Dave Carpenter on Google+\" href=\"https:\/\/plus.google.com\/u\/0\/?tab=mX#112507964677505729189\/posts\" target=\"_blank\">\u00a0Google+<\/a>.<\/em><\/p>\n","protected":false},"excerpt":{"rendered":"<p>D\u00eda 13 de este programa #ElPlanQ para crear un plan anual inspirador. \u00a0Si llegaste primero [&hellip;]<\/p>\n","protected":false},"author":1,"featured_media":0,"comment_status":"open","ping_status":"closed","sticky":false,"template":"","format":"standard","meta":{"footnotes":""},"categories":[59,60,45,3],"tags":[61,33,20,10,81,25,31,35,80,34],"class_list":["post-2055","post","type-post","status-publish","format-standard","hentry","category-el-plan-personal-poderoso","category-el-plan-q","category-plan-personal-de-exito","category-temasinteres","tag-elplanq","tag-aspiraciones","tag-desarrollo","tag-desarrollo-profesional","tag-el-plan-personal-poderoso","tag-energia","tag-exito","tag-incertidumbre","tag-productividad","tag-sabiduria"],"_links":{"self":[{"href":"http:\/\/www.e-quidam.com\/elblog\/wp-json\/wp\/v2\/posts\/2055","targetHints":{"allow":["GET"]}}],"collection":[{"href":"http:\/\/www.e-quidam.com\/elblog\/wp-json\/wp\/v2\/posts"}],"about":[{"href":"http:\/\/www.e-quidam.com\/elblog\/wp-json\/wp\/v2\/types\/post"}],"author":[{"embeddable":true,"href":"http:\/\/www.e-quidam.com\/elblog\/wp-json\/wp\/v2\/users\/1"}],"replies":[{"embeddable":true,"href":"http:\/\/www.e-quidam.com\/elblog\/wp-json\/wp\/v2\/comments?post=2055"}],"version-history":[{"count":6,"href":"http:\/\/www.e-quidam.com\/elblog\/wp-json\/wp\/v2\/posts\/2055\/revisions"}],"predecessor-version":[{"id":2177,"href":"http:\/\/www.e-quidam.com\/elblog\/wp-json\/wp\/v2\/posts\/2055\/revisions\/2177"}],"wp:attachment":[{"href":"http:\/\/www.e-quidam.com\/elblog\/wp-json\/wp\/v2\/media?parent=2055"}],"wp:term":[{"taxonomy":"category","embeddable":true,"href":"http:\/\/www.e-quidam.com\/elblog\/wp-json\/wp\/v2\/categories?post=2055"},{"taxonomy":"post_tag","embeddable":true,"href":"http:\/\/www.e-quidam.com\/elblog\/wp-json\/wp\/v2\/tags?post=2055"}],"curies":[{"name":"wp","href":"https:\/\/api.w.org\/{rel}","templated":true}]}}