{"id":2059,"date":"2014-12-31T07:00:43","date_gmt":"2014-12-31T13:00:43","guid":{"rendered":"http:\/\/www.e-quidam.com\/elblog\/?p=2059"},"modified":"2015-04-27T16:08:26","modified_gmt":"2015-04-27T22:08:26","slug":"d31","status":"publish","type":"post","link":"http:\/\/www.e-quidam.com\/elblog\/d31\/","title":{"rendered":"#ElPlanQ, D\u00eda 31: Siente la gratitud."},"content":{"rendered":"<blockquote><p><strong>D\u00eda 31 de este programa #ElPlanQ para crear un plan anual inspirador. Si llegaste primero aqu\u00ed, visita la p\u00e1gina de inicio del\u00a0<\/strong><a title=\"El Plan Personal Poderoso\" href=\"http:\/\/www.e-quidam.com\/elblog\/?page_id=908\" target=\"_blank\"><strong>PLAN<\/strong><\/a><strong>.<\/strong><\/p><\/blockquote>\n<p>Es as\u00ed como hemos completado el proceso de El Plan Personal Poderoso. \u00a1Qu\u00e9 gusto poderlo compartir contigo! Me siento feliz de haber prestado voz en nuestro idioma a las ideas de mi buen amigo\u00a0<a title=\"About Dave\" href=\"http:\/\/www.dave-carpenter.com\/about_dave_carpenter.html\" target=\"_blank\">Dave Carpenter<\/a>. Le estoy profundamente agradecida, por lo que me ayud\u00f3 a m\u00ed el plan desde 2009 y por haberme permitido compartirlo aqu\u00ed. Hoy recobro mi propia voz en este espacio, y quiero aprovechar este \u00faltimo paso del plan para compartir contigo un secreto del \u00e9xito: la GRATITUD.<\/p>\n<p>Hoy quiero que te permitas sentir toda la gratitud de que te sientes capaz.<\/p>\n<p>Si ayer estuviste celebrando, hoy quiero que listes 5 cosas por las que te sientes agradecido(a) y que lo sientas con todo tu ser. Ver\u00e1s que la gratitud te da la fuerza para seguir emprendiendo todas las acciones que has definido para salir adelante con tu plan. Coloca tu lista donde puedas verla y actual\u00edzala siempre que quieras.<\/p>\n<p>Si no tienes una pr\u00e1ctica cotidiana de agradecer por las muchas bendiciones que tienes en la vida, establece una. No hay mejor manera de tomar fuerza para llevar a cabo un plan como el que acabas de completar. Si est\u00e1 asociada con tus pr\u00e1cticas religiosas o espirituales, \u00a1qu\u00e9 bien! Y si no es as\u00ed, simplemente deja un tiempo cada d\u00eda para descubrir cosas, personas, situaciones por las que te sientes agradecido(a). Es una de las formas m\u00e1s sencillas de fortalecerte.<\/p>\n<p>Celebro no s\u00f3lo tu plan, sino tu existencia misma. \u00a1T\u00fa tambi\u00e9n celebra la vida! Te dejo con una canci\u00f3n que me parece inspiradora y a la que puedes regresar cuando necesites un poco de aliento. Esc\u00fachala en el video, con la voz de\u00a0<a title=\"Sitio oficial de Axel\" href=\"http:\/\/www.axelweb.com.ar\/index.php\" target=\"_blank\">Axel<\/a>, y deja que la m\u00fasica te inspire gratitud por estar en esta vida.<\/p>\n<p><iframe loading=\"lazy\" src=\"http:\/\/www.youtube.com\/embed\/8XSw1Q6jBoI\" width=\"640\" height=\"360\" frameborder=\"0\" allowfullscreen=\"allowfullscreen\"><\/iframe><br \/>\n(Si por alguna raz\u00f3n tienes bloqueado este video de YOUTUBE, puedes verlo en <a title=\"Celebra la Vida\" href=\"http:\/\/vimeo.com\/29665667\" target=\"_blank\">VIMEO<\/a>)<\/p>\n<p style=\"text-align: left;\">Aqu\u00ed la letra, por si la quieres imprimir para llevar contigo:<\/p>\n<p style=\"text-align: left;\">No s\u00e9 si so\u00f1aba,\u00a0No s\u00e9 si dorm\u00eda,<br \/>\ny la voz de un \u00e1ngel dijo que te diga,<br \/>\nCelebra la Vida.<\/p>\n<p style=\"text-align: left;\">Piensa libremente<br \/>\nayuda a la gente<br \/>\ny por lo que quieras<br \/>\nlucha y s\u00e9 paciente<br \/>\nlleva poca carga,<br \/>\na nada te aferres,<br \/>\nporque en este mundo,<br \/>\nnada es para siempre.<\/p>\n<p style=\"text-align: left;\">B\u00fascate una estrella,<br \/>\nque sea tu gu\u00eda,<br \/>\nno hieras a nadie,<br \/>\nrepate alegr\u00eda.<\/p>\n<p style=\"text-align: left;\">Celebra la vida,\u00a0celebra la vida,<br \/>\nque nada se guarda<br \/>\nque todo te brinda.<br \/>\nCelebra la vida,\u00a0celebra la vida,<br \/>\nsegundo a segundo,<br \/>\ny todos los d\u00edas.<\/p>\n<p style=\"text-align: left;\">Y si alguien te enga\u00f1a,<br \/>\nal decir te quiero,<br \/>\npon mas le\u00f1a al fuego<br \/>\ny empieza de nuevo.<\/p>\n<p style=\"text-align: left;\">No dejes que caigan<br \/>\ntus sue\u00f1os al suelo<br \/>\nque mientras m\u00e1s amas<br \/>\nm\u00e1s cerca est\u00e1 el cielo.<\/p>\n<p style=\"text-align: left;\">Grita contra el odio,<br \/>\ncontra la mentira,<br \/>\nque la guerra es muerte<br \/>\ny la paz es vida.<\/p>\n<p style=\"text-align: left;\">Celebra la vida,\u00a0celebra la vida,<br \/>\nque nada se guarda<br \/>\nque todo te brinda.<br \/>\nCelebra la vida,\u00a0celebra la vida,<br \/>\nsegundo a segundo.<\/p>\n<p style=\"text-align: left;\">No s\u00e9 si so\u00f1aba,\u00a0No s\u00e9 si dormia,<br \/>\ny la voz de un \u00e1ngel dijo que te diga&#8230;<\/p>\n<p style=\"text-align: left;\">Celebra la vida,\u00a0celebra la vida,<br \/>\ny deja en la tierra tu mejor semilla.<br \/>\nCelebra la vida,\u00a0celebra la vida,<br \/>\nte escucho m\u00e1s bella<br \/>\ncuando t\u00fa me miras.<\/p>\n<p style=\"text-align: left;\">Celebra la vida,\u00a0celebra la vida&#8230;<\/p>\n<p style=\"text-align: left;\"><strong><strong>Nota importante: Si llegaste primero a este paso, a\u00fan no es tarde para unirte a las otras personas de alto desempe\u00f1o que est\u00e1n colaborando para seguir los pasos que se revelan d\u00eda a d\u00eda en este espacio. Puedes empezar\u00a0<a title=\"El Plan Personal Poderoso\" href=\"http:\/\/www.e-quidam.com\/elblog\/?page_id=908\" target=\"_blank\">aqu\u00ed<\/a><strong><strong>.\u00a0<\/strong><\/strong><\/strong><\/strong><\/p>\n<blockquote>\n<p style=\"text-align: left;\">\u00a1Nos veremos muy pronto en este blog y espero tener la oportunidad de conocerte mejor por este medio, en las redes sociales o en alguno de nuestros programas de desarrollo! \u00a1Brindo por tu \u00e9xito! \u00a1Salud, dinero y amor para ti!<\/p>\n<p>&#8212;&#8212;&#8212;&#8212;&#8212;&#8212;&#8212;&#8212;&#8211;<\/p>\n<p><em><a href=\"http:\/\/www.e-quidam.com\/elblog\/wp-content\/uploads\/2008\/11\/Mone-Oficial-2011.jpg\"><img loading=\"lazy\" decoding=\"async\" title=\"Mone Oficial 2011\" src=\"http:\/\/www.e-quidam.com\/elblog\/wp-content\/uploads\/2008\/11\/Mone-Oficial-2011.jpg\" alt=\"\" width=\"110\" height=\"129\" \/><\/a><\/em><\/p>\n<p><em><a title=\"Monica Diaz de Peralta\" href=\"http:\/\/www.linkedin.com\/in\/monicadiazdeperalta\" target=\"_blank\">M\u00f3nica Diaz<\/a>\u00a0es Directora General de\u00a0<a title=\"Quidam Global\" href=\"http:\/\/www.quidamglobal.com\" target=\"_blank\">Qu\u00eddam Global<\/a>, una organizaci\u00f3n mexicana que desde 1994 est\u00e1 dedicada a\u00a0la creaci\u00f3n de cultura sana en las organizaciones y desarrollo de talento. Su modelo de Coaching Q ha servido a ejecutivos, directores, gerentes, coaches, profesores y personas de muy distintos \u00e1mbitos para crear capacidades de acci\u00f3n que les permiten generar cambios permanentes y evolutivos.<\/em><\/p>\n<p><em>Qu\u00eddam Global ofrece una gran diversidad de soluciones, como la prestigiosa metodolog\u00eda de El Elemento Humano\u00ae del Dr. Will Schutz, misma que constituye el centro de nuestro trabajo. Si te interesa fortalecer tu Plan Personal,\u00a0La Carrera Impl\u00edcita\u00ae (Implicit Career Search\u00ae) es un programa de origen canadiense, basado en El Elemento Humano\u00ae, que te\u00a0ayudar\u00e1 a generar un plan de vida y carrera, desde tu esencia hasta tu contribuci\u00f3n \u00fanica. \u00bfTe interesa?\u00a0Escr\u00edbenos a\u00a0<strong>contact@quidamglobal.com<\/strong>.\u00a0<\/em><em>Si est\u00e1s en Twitter, puedes seguirnos en la cuenta de\u00a0<a title=\"Quidam Global en Twitter\" href=\"http:\/\/www.twitter.com\/quidamglobal\" target=\"_blank\">Qu\u00eddam<\/a>\u00a0o en la de\u00a0<a title=\"M\u00f3nica Diaz en Twitter\" href=\"http:\/\/www.twitter.com\/monediaz\" target=\"_blank\">M\u00f3nica Diaz\u00a0<\/a>donde avisaremos de avances en el proceso de #ElPlanQ, o bien en nuestra p\u00e1gina de\u00a0<a title=\"Quidam en Facebook\" href=\"http:\/\/www.facebook.com\/quidamglobal\" target=\"_blank\">Facebook<\/a>.<\/em><\/p>\n<p><em>Este art\u00edculo fue escrito originalmente por\u00a0<a href=\"http:\/\/www.dave-carpenter.com\/\" target=\"_blank\">Dave Carpenter<\/a>. Adem\u00e1s de escribir un blog de manera regular, su trabajo puede leerse en diversas publicaciones de negocios y desarrollo personal. Dave es tambi\u00e9n el creador del\u00a0<a title=\"Accelerate Success Mentoring Program\" href=\"http:\/\/accelerate-success.com\/\" target=\"_blank\"><strong>Accelerate Success<\/strong>\u00a0mentoring program<\/a>\u00a0para l\u00edderes de alto desempe\u00f1o. M\u00f3nica Diaz es coach de varios de sus participantes en espa\u00f1ol. Si deseas, puedes\u00a0<a href=\"http:\/\/twitter.com\/dave_carpenter\" target=\"_blank\">seguir a\u00a0Dave\u00a0en Twitter<\/a>, en\u00a0<a title=\"Dave Carpenter\" href=\"http:\/\/www.facebook.com\/dave.carpenter1#!\/dave.carpenter1\" target=\"_blank\">Facebook<\/a>, y\/o\u00a0<a title=\"Dave Carpenter on Google+\" href=\"https:\/\/plus.google.com\/u\/0\/?tab=mX#112507964677505729189\/posts\" target=\"_blank\">\u00a0Google+<\/a>.<\/em><\/p><\/blockquote>\n","protected":false},"excerpt":{"rendered":"<p>D\u00eda 31 de este programa #ElPlanQ para crear un plan anual inspirador. Si llegaste primero [&hellip;]<\/p>\n","protected":false},"author":1,"featured_media":0,"comment_status":"open","ping_status":"closed","sticky":false,"template":"","format":"standard","meta":{"footnotes":""},"categories":[59,60,45,3],"tags":[61,33,20,10,81,25,31,35,80,34],"class_list":["post-2059","post","type-post","status-publish","format-standard","hentry","category-el-plan-personal-poderoso","category-el-plan-q","category-plan-personal-de-exito","category-temasinteres","tag-elplanq","tag-aspiraciones","tag-desarrollo","tag-desarrollo-profesional","tag-el-plan-personal-poderoso","tag-energia","tag-exito","tag-incertidumbre","tag-productividad","tag-sabiduria"],"_links":{"self":[{"href":"http:\/\/www.e-quidam.com\/elblog\/wp-json\/wp\/v2\/posts\/2059","targetHints":{"allow":["GET"]}}],"collection":[{"href":"http:\/\/www.e-quidam.com\/elblog\/wp-json\/wp\/v2\/posts"}],"about":[{"href":"http:\/\/www.e-quidam.com\/elblog\/wp-json\/wp\/v2\/types\/post"}],"author":[{"embeddable":true,"href":"http:\/\/www.e-quidam.com\/elblog\/wp-json\/wp\/v2\/users\/1"}],"replies":[{"embeddable":true,"href":"http:\/\/www.e-quidam.com\/elblog\/wp-json\/wp\/v2\/comments?post=2059"}],"version-history":[{"count":8,"href":"http:\/\/www.e-quidam.com\/elblog\/wp-json\/wp\/v2\/posts\/2059\/revisions"}],"predecessor-version":[{"id":2309,"href":"http:\/\/www.e-quidam.com\/elblog\/wp-json\/wp\/v2\/posts\/2059\/revisions\/2309"}],"wp:attachment":[{"href":"http:\/\/www.e-quidam.com\/elblog\/wp-json\/wp\/v2\/media?parent=2059"}],"wp:term":[{"taxonomy":"category","embeddable":true,"href":"http:\/\/www.e-quidam.com\/elblog\/wp-json\/wp\/v2\/categories?post=2059"},{"taxonomy":"post_tag","embeddable":true,"href":"http:\/\/www.e-quidam.com\/elblog\/wp-json\/wp\/v2\/tags?post=2059"}],"curies":[{"name":"wp","href":"https:\/\/api.w.org\/{rel}","templated":true}]}}