{"id":223,"date":"2010-01-05T19:02:05","date_gmt":"2010-01-06T01:02:05","guid":{"rendered":"http:\/\/www.e-quidam.com\/elblog\/?p=223"},"modified":"2010-01-05T23:39:38","modified_gmt":"2010-01-06T05:39:38","slug":"el-pensamiento-positivo-puede-ser-tu-perdicion","status":"publish","type":"post","link":"http:\/\/www.e-quidam.com\/elblog\/el-pensamiento-positivo-puede-ser-tu-perdicion\/","title":{"rendered":"El Pensamiento Positivo Puede Ser Tu Perdici\u00f3n."},"content":{"rendered":"<p><a href=\"http:\/\/www.e-quidam.com\/elblog\/wp-content\/uploads\/2010\/01\/bigstockphoto_Young_Positive_Man_2242288.jpg\"><img loading=\"lazy\" decoding=\"async\" class=\"alignleft size-medium wp-image-232\" title=\"bigstockphoto_Young_Positive_Man_2242288\" src=\"http:\/\/www.e-quidam.com\/elblog\/wp-content\/uploads\/2010\/01\/bigstockphoto_Young_Positive_Man_2242288-300x300.jpg\" alt=\"\" width=\"300\" height=\"300\" srcset=\"http:\/\/www.e-quidam.com\/elblog\/wp-content\/uploads\/2010\/01\/bigstockphoto_Young_Positive_Man_2242288-300x300.jpg 300w, http:\/\/www.e-quidam.com\/elblog\/wp-content\/uploads\/2010\/01\/bigstockphoto_Young_Positive_Man_2242288-150x150.jpg 150w, http:\/\/www.e-quidam.com\/elblog\/wp-content\/uploads\/2010\/01\/bigstockphoto_Young_Positive_Man_2242288.jpg 900w\" sizes=\"auto, (max-width: 300px) 100vw, 300px\" \/><\/a>Si has estado leyendo este blog o me conoces de alg\u00fan otro modo, sabr\u00e1s que el <a href=\"http:\/\/es.wikipedia.org\/wiki\/Pensamiento\" target=\"_blank\">pensamiento<\/a> positivo es parte importante de lo que hago y de la forma en que yo misma vivo.\u00a0 El pensamiento positivo puede ser una poderosa herramienta de transformaci\u00f3n que proporcione un marco de referencia para la productividad, la felicidad, el logro.\u00a0 Inclusive propongo que aprender de los propios aciertos es muchas veces m\u00e1s efectivo que enfocarse a enmendar los errores. A\u00fan as\u00ed, considero que es importante enfocar c\u00f3mo es que est\u00e1 sirvi\u00e9ndote o no el pensamiento positivo, con respecto a que te permita acercarte a los logros que te propones.<\/p>\n<p>En su aspecto m\u00e1s \u00fatil, pensar positivamente abre posibilidades.\u00a0 No se puede construir una visi\u00f3n de futuro interesante y poderosa sin pensar positivamente. Crear este tipo de visiones es parte importante del liderazgo, del trabajo en equipo y de la vida misma.\u00a0 Te lleva a un ciclo de\u00a0 pensar-hacer o pensar-mover que resulta tan productivo como agradable y energizante.\u00a0 Es motivador y eficiente.\u00a0 Te presenta una posibilidad en la que eres quien puede construir tu visi\u00f3n y tus acciones expresan esa forma planteada de ser. Construye un elemento importante de la acci\u00f3n productiva: la esperanza.\u00a0 Sin esperanza en el futuro, no hay motivaci\u00f3n para construir posibilidades.\u00a0 Sin conciencia de que las acciones contribuyen a ese futuro, no se emprende una transformaci\u00f3n personal que gu\u00ede los propios actos.\u00a0 La esperanza en este caso energiza a quien la tiene, le invita a hacer planes y llevarlos a cabo, le mueve a esforzarse por ser mejor, por lograr lo propuesto en su visi\u00f3n, por buscar otros caminos cuando los que sigue se ven bloqueados.<\/p>\n<p>El tropiezo viene cuando la perspectiva positiva lleva, no a la reflexi\u00f3n de c\u00f3mo se construye una visi\u00f3n, sino al pensamiento m\u00e1gico.\u00a0 Cuando se cree que solo por pensar positivamente todo saldr\u00e1 a pedir de boca.\u00a0 Cuando se vuelve m\u00e1s de forma que de fondo.\u00a0 En lugar de llevar a pensar-mover, este pensamiento crea un ciclo de pensar-congelar o pensar-esperar. Al fondo de esta falta de acci\u00f3n se encuentra un miedo oculto: el temor de que no importa qu\u00e9 se haga, no se puede impactar al entorno.\u00a0 Las personas que inconscientemente no se sienten capaces de efectuar un cambio en el <a href=\"http:\/\/es.wikipedia.org\/wiki\/Status_quo\" target=\"_blank\">status quo<\/a> tienden a abrazar este estilo de pensamiento positivo.\u00a0 Son supersticiosos al respecto.\u00a0 Ante el sentimiento de incapacidad personal eligen la negaci\u00f3n y abrazan la creencia de que \u201ctodo va a resultar bien\u201d como una forma de no enfrentar su propia impotencia ante el mundo.\u00a0 Como dice el chiste, si piensas en ganar la loter\u00eda, primero necesitas comprar boleto.<\/p>\n<p>Tener fe en que el entorno conspire con uno no es una mala pr\u00e1ctica. Especialmente porque te llevar\u00e1 a actuar con m\u00e1s confianza, a avanzar con f\u00e9 y seguridad, a tomar decisiones valientes y caminos inexplorados. La fe puede mover monta\u00f1as, o sumirte en el oscurantismo m\u00e1s profundo.<\/p>\n<blockquote>\n<p style=\"text-align: center;\">Es importante que tengas fe en ti mismo y esperanza en el futuro.<\/p>\n<\/blockquote>\n<p>Para que \u00e9sta sea productiva,<\/p>\n<ul>\n<li><strong>Observa si tus pensamientos te mueven o te congelan<\/strong>.<\/li>\n<li><strong>Con\u00f3cete a ti mismo y haz frente a tus temores. <\/strong>Todos nos sentimos impotentes en ocasiones.\u00a0 Tenemos temor de no lograr los objetivos, de ser ilusos, de quedar mal con los dem\u00e1s y con nosotros mismos.\u00a0 Elige reflexionar sobre esto en lugar de negarlo.<\/li>\n<li><strong>Acepta tus temores y ll\u00e9valos contigo.<\/strong> Tener temor no implica congelarse. Nuestros temores est\u00e1n dise\u00f1ados para protegernos.\u00a0 Podemos tomarlos en cuenta, encontrar formas de sentirnos protegidos y seguir adelante con todo y ellos.<\/li>\n<li><strong>Visualiza un futuro positivo<\/strong>. Haz de ello una pr\u00e1ctica. Si te descubres pensando lo peor, no temas.\u00a0 Reconoce la imagen de pesadilla y construye tambi\u00e9n otra en la que todo salga bien.\u00a0 Lo m\u00e1s probable es que la realidad caiga en alg\u00fan punto intermedio entre las dos, pero contrastarlos te dar\u00e1 una perspectiva m\u00e1s balanceada.<\/li>\n<\/ul>\n<p>En suma, hazte cargo de tus pensamientos positivos y c\u00f3mo los manejas. Observa si te mueven o te congelan. Aprende. Con\u00f3cete. Decide que tus pensamientos te muevan, te inspiren y te lleven a construir todo lo que deseas. \u00a1Eso s\u00ed es pensar positivamente y de manera productiva!<\/p>\n<p>Art\u00edculos Relacionados:<\/p>\n<ul>\n<li><a href=\"http:\/\/www.e-quidam.com\/elblog\/?p=121\" target=\"_blank\">La importancia de la Reflexi\u00f3n<\/a><\/li>\n<li><a href=\"http:\/\/www.e-quidam.com\/elblog\/?p=141\" target=\"_blank\">Auto-liderazgo: El m\u00e1s Dif\u00edcil<\/a><\/li>\n<li><a href=\"http:\/\/www.dondeexitos.com\/2010\/01\/05\/mantener-la-esperanza-el-humor-y-el-optimismo-te-ayudara-a-ser-mas-positivo-frente-a-la-vida\/\" target=\"_blank\">Mantener la Esperanza el Humor y el Optimismo&#8230; <\/a>(DondExitos)<\/li>\n<\/ul>\n","protected":false},"excerpt":{"rendered":"<p>Si has estado leyendo este blog o me conoces de alg\u00fan otro modo, sabr\u00e1s que [&hellip;]<\/p>\n","protected":false},"author":1,"featured_media":0,"comment_status":"open","ping_status":"closed","sticky":false,"template":"","format":"standard","meta":{"footnotes":""},"categories":[9,3,4],"tags":[19,20,10,80],"class_list":["post-223","post","type-post","status-publish","format-standard","hentry","category-productividad","category-temasinteres","category-vida-organizacional","tag-auto-estima","tag-desarrollo","tag-desarrollo-profesional","tag-productividad"],"_links":{"self":[{"href":"http:\/\/www.e-quidam.com\/elblog\/wp-json\/wp\/v2\/posts\/223","targetHints":{"allow":["GET"]}}],"collection":[{"href":"http:\/\/www.e-quidam.com\/elblog\/wp-json\/wp\/v2\/posts"}],"about":[{"href":"http:\/\/www.e-quidam.com\/elblog\/wp-json\/wp\/v2\/types\/post"}],"author":[{"embeddable":true,"href":"http:\/\/www.e-quidam.com\/elblog\/wp-json\/wp\/v2\/users\/1"}],"replies":[{"embeddable":true,"href":"http:\/\/www.e-quidam.com\/elblog\/wp-json\/wp\/v2\/comments?post=223"}],"version-history":[{"count":27,"href":"http:\/\/www.e-quidam.com\/elblog\/wp-json\/wp\/v2\/posts\/223\/revisions"}],"predecessor-version":[{"id":244,"href":"http:\/\/www.e-quidam.com\/elblog\/wp-json\/wp\/v2\/posts\/223\/revisions\/244"}],"wp:attachment":[{"href":"http:\/\/www.e-quidam.com\/elblog\/wp-json\/wp\/v2\/media?parent=223"}],"wp:term":[{"taxonomy":"category","embeddable":true,"href":"http:\/\/www.e-quidam.com\/elblog\/wp-json\/wp\/v2\/categories?post=223"},{"taxonomy":"post_tag","embeddable":true,"href":"http:\/\/www.e-quidam.com\/elblog\/wp-json\/wp\/v2\/tags?post=223"}],"curies":[{"name":"wp","href":"https:\/\/api.w.org\/{rel}","templated":true}]}}