{"id":2450,"date":"2021-02-15T15:25:36","date_gmt":"2021-02-15T21:25:36","guid":{"rendered":"http:\/\/www.e-quidam.com\/elblog\/?p=2450"},"modified":"2021-03-15T19:26:43","modified_gmt":"2021-03-16T01:26:43","slug":"la-mentalidad-del-amor-propio","status":"publish","type":"post","link":"http:\/\/www.e-quidam.com\/elblog\/la-mentalidad-del-amor-propio\/","title":{"rendered":"La mentalidad del amor propio."},"content":{"rendered":"\n<p>En este mes del amor, he estado enfocando el tema desde diversos \u00e1ngulos en mis conversaciones de coaching, en mis comentarios y en salas de #ClubHouse en las que hemos abordado el amor y todas sus facetas. Yo siempre digo que #MerecesLoMejor y parte de eso es disfrutar del amor. Me duele mucho ver que hay quienes odian San Valent\u00edn porque en este momento no tienen pareja. Eso no deber\u00eda tener nada que ver. Ya s\u00e9 que los medios promueven esa perspectiva y que esta fiesta es principalmente comercial. Sin embargo, en lugar de dejarnos presionar, podemos aprovechar para celebrar el amor en todas sus acepciones:<\/p>\n\n\n\n<h3 class=\"wp-block-heading\">Amor rom\u00e1ntico.<\/h3>\n\n\n\n<p>\u00a1S\u00ef! Celebra con tu pareja si la tienes. Aprovecha el d\u00eda para recordar porqu\u00e9 se eligieron mutuamente. No se queden solo en el intercambio de regalos (que no tiene nada de malo y es una buena costumbre) sino en hacer el d\u00eda significativo, sin presiones. Yo recuerdo con mucho cari\u00f1o c\u00f3mo mi amado esposo lleg\u00f3 en su motocicleta con un gran oso de peluche montado con \u00e9l como si viniera manejando. Ese gesto, aunque fue hace much\u00edsimos a\u00f1os, resulta siempre memorable y lo tengo grabado en el alma. No tiene precio algo as\u00ed, solo recuerda que est\u00e1s construyendo los recuerdos del ma\u00f1ana.  Y si no tienes pareja, aprovecha para hacer el ejercicio de auto-an\u00e1lisis: escribe en un papel todo lo que deseas en una pareja, escr\u00edbelo con musiquita rica y en un ambiente que te llene de entusiasmo. Cuando termines l\u00e9elo y verifica cu\u00e1les de esas cosas podr\u00edas construir en ti mismo mientras esperas el encuentro&#8230; <\/p>\n\n\n\n<h3 class=\"wp-block-heading\">Amor filial.<\/h3>\n\n\n\n<p>La familia de nacimiento o elegida, esas personas con quienes pasamos el d\u00eda a d\u00eda, celebramos las dichas y compartimos las penas son una fuente enorme de amor. Aprovecha estos d\u00edas para decirles lo importantes que son para ti. La cercan\u00eda hace que a veces lo demos por obvio, o que aparezca con ellos la defensividad y la cr\u00edtica, la duda, la dificultad. A\u00fan as\u00ed, es momento de recordarles lo mucho que los amamos. <\/p>\n\n\n\n<h3 class=\"wp-block-heading\">Amor de amigos.<\/h3>\n\n\n\n<h4 class=\"has-text-align-right wp-block-heading\">\u00abLa amistad es el m\u00e1s puro de los amores. \u00ab<\/h4>\n\n\n\n<p>En ocasiones lo olvidamos. Los amigos est\u00e1n con nosotros por elecci\u00f3n, se alegran cuando nos alegramos y se preocupan por nosotros. No buscan algo en espec\u00edfico, solo nuestra presencia, nuestra empat\u00eda y nuestro tiempo. Yo recuerdo que cuando era ni\u00f1a el d\u00eda de San Valent\u00edn no era una fiesta tan comercial. Compr\u00e1bamos corazones de dulce y envi\u00e1bamos mensajes cari\u00f1osos (en papelitos) a todos los amigos. Me recuerdo repartiendo estos presentes por la escuela y emocion\u00e1ndome de lo que otros mandaban para mi. Hoy en d\u00eda puede ser un mensajito de audio o video, creado pensando espec\u00edficamente en esos amigos el que exprese toda la profundidad que significa en nuestras vidas la amistad. <\/p>\n\n\n\n<h3 class=\"wp-block-heading\">Amor propio. <\/h3>\n\n\n\n<p>Este es el amor que tienes por t\u00ed, el que es la base de poder expresar todo el amor a los dem\u00e1s y a la vez el secreto para poder recibirlo. Ayer les compart\u00eda 4 ideas que puedes explorar contigo para profundizar tu mentalidad de cultivar el amor propio. Puedes ponerte recaditos que te lo recuerden, adquirir una pr\u00e1ctica diaria de escribirlos y reflexionar sobre ellos o usarlos como anclas de escritura o reflexi\u00f3n. En el di\u00e1logo de corazones cre\u00e9 algunas meditaciones guiadas para profundizarlos. Espero poder compartirlas pronto. <\/p>\n\n\n\n<ul class=\"wp-block-list\"><li>Soy suficiente.<\/li><li>Soy una persona amorosa.<\/li><li>Soy una persona digna de ser amada como me gusta serlo.<\/li><li>Vivo rodeado de amor. <\/li><\/ul>\n\n\n\n<p>Espero que te inspiren a cultivar el m\u00e1s hermoso de los amores, el amor por ti. Me record\u00f3 la canci\u00f3n de Whitney Houston&#8230; y me dieron ganas de cantarla. Aqu\u00ed te dejo la original. Siempre me saca la lagrimita as\u00ed que con tu permiso&#8230; voy a emocionarme un poco. \u00a1Hasta la pr\u00f3xima!<\/p>\n\n\n\n<figure class=\"wp-block-embed is-type-video is-provider-youtube wp-block-embed-youtube wp-embed-aspect-4-3 wp-has-aspect-ratio\"><div class=\"wp-block-embed__wrapper\">\n<iframe loading=\"lazy\" title=\"Whitney Houston - Greatest Love Of All (Official 4K Video)\" width=\"640\" height=\"480\" src=\"https:\/\/www.youtube.com\/embed\/IYzlVDlE72w?feature=oembed\" frameborder=\"0\" allow=\"accelerometer; autoplay; clipboard-write; encrypted-media; gyroscope; picture-in-picture; web-share\" referrerpolicy=\"strict-origin-when-cross-origin\" allowfullscreen><\/iframe>\n<\/div><\/figure>\n\n\n\n<p><\/p>\n\n\n\n<p><\/p>\n\n\n\n<p><\/p>\n","protected":false},"excerpt":{"rendered":"<p>En este mes del amor, he estado enfocando el tema desde diversos \u00e1ngulos en mis [&hellip;]<\/p>\n","protected":false},"author":1,"featured_media":704,"comment_status":"open","ping_status":"closed","sticky":false,"template":"","format":"standard","meta":{"footnotes":""},"categories":[90,3],"tags":[],"class_list":["post-2450","post","type-post","status-publish","format-standard","has-post-thumbnail","hentry","category-desarrollo-humano","category-temasinteres"],"_links":{"self":[{"href":"http:\/\/www.e-quidam.com\/elblog\/wp-json\/wp\/v2\/posts\/2450","targetHints":{"allow":["GET"]}}],"collection":[{"href":"http:\/\/www.e-quidam.com\/elblog\/wp-json\/wp\/v2\/posts"}],"about":[{"href":"http:\/\/www.e-quidam.com\/elblog\/wp-json\/wp\/v2\/types\/post"}],"author":[{"embeddable":true,"href":"http:\/\/www.e-quidam.com\/elblog\/wp-json\/wp\/v2\/users\/1"}],"replies":[{"embeddable":true,"href":"http:\/\/www.e-quidam.com\/elblog\/wp-json\/wp\/v2\/comments?post=2450"}],"version-history":[{"count":4,"href":"http:\/\/www.e-quidam.com\/elblog\/wp-json\/wp\/v2\/posts\/2450\/revisions"}],"predecessor-version":[{"id":2475,"href":"http:\/\/www.e-quidam.com\/elblog\/wp-json\/wp\/v2\/posts\/2450\/revisions\/2475"}],"wp:featuredmedia":[{"embeddable":true,"href":"http:\/\/www.e-quidam.com\/elblog\/wp-json\/wp\/v2\/media\/704"}],"wp:attachment":[{"href":"http:\/\/www.e-quidam.com\/elblog\/wp-json\/wp\/v2\/media?parent=2450"}],"wp:term":[{"taxonomy":"category","embeddable":true,"href":"http:\/\/www.e-quidam.com\/elblog\/wp-json\/wp\/v2\/categories?post=2450"},{"taxonomy":"post_tag","embeddable":true,"href":"http:\/\/www.e-quidam.com\/elblog\/wp-json\/wp\/v2\/tags?post=2450"}],"curies":[{"name":"wp","href":"https:\/\/api.w.org\/{rel}","templated":true}]}}