{"id":2462,"date":"2021-03-11T11:41:00","date_gmt":"2021-03-11T17:41:00","guid":{"rendered":"http:\/\/www.e-quidam.com\/elblog\/?p=2462"},"modified":"2021-03-12T12:58:29","modified_gmt":"2021-03-12T18:58:29","slug":"mientras-es-el-mes-de-la-mujer","status":"publish","type":"post","link":"http:\/\/www.e-quidam.com\/elblog\/mientras-es-el-mes-de-la-mujer\/","title":{"rendered":"Mientras es el mes de la mujer."},"content":{"rendered":"\n<p>Mucho se dice del 8 de Marzo, de lo que significa, de porqu\u00e9 la ONU lo nombr\u00f3 el d\u00eda de la mujer trabajadora y tantas de nuestras cong\u00e9neres se molestan si las felicitan. Hay una necesidad real de conmemorar d\u00edas como este para recordar que, aunque hemos conquistado localmente muchas cosas, a\u00fan hay rincones de nuestra tierra, tristemente lejanos o peligrosamente cercanos dependiendo de qu\u00e9 punto explores de injusticia, en los que las mujeres sufren de abuso, de menores oportunidades o de franco maltrato. No estamos ciegos a eso. <\/p>\n\n\n\n<p>Y mientras es el mes de la mujer, hay que proponerse abrir los ojos donde los queremos cerrar, expandir nuestro alcance un poco e ir m\u00e1s all\u00e1 de los buenos deseos a crear un mundo mejor de cualquier forma de sume. De eso a que tengamos derecho a salir con la espada desenvainada porque alguien tuvo un comentario desafortunado, descontar como poco emp\u00e1tico a quien no encuentra en el activismo su camino para contribuir o pasarnos el mes entero lejos del sexo opuesto para no meternos en broncas. Pues \u00bfqu\u00e9 te digo? Eso es otra cosa y parte importante de un problema end\u00e9mico fuerte y pervasivo que nos tiene mal en este y muchos otros frentes. <\/p>\n\n\n\n<p>Ya me han escuchado decir que hay que aprender a <a href=\"http:\/\/www.e-quidam.com\/elblog\/el-perdido-arte-de-dialogar\/\" data-type=\"URL\" data-id=\"http:\/\/www.e-quidam.com\/elblog\/el-perdido-arte-de-dialogar\/\">dialogar<\/a>, a apostarle a la unidad y a tener conversaciones constructivas a\u00fan con quienes piensan distito que t\u00fa. Quiz\u00e1s te sirva cambiar de enfoque:<\/p>\n\n\n\n<h3 class=\"wp-block-heading\">No se van a convencer. <\/h3>\n\n\n\n<p>En temas de fondo como los que nos ocupan al pensar en las posibilidades de la mujer en el mundo y la injusticia laboral, social y personal en la que vivimos a\u00fan hoy, recuerda NO VAS A CONVENCER al otro de tu punto de vista por hablar. \u00bfQu\u00e9 pasar\u00eda si abandonas la necesidad de tener la raz\u00f3n y escuchas con la intenci\u00f3n de entender a\u00fan mejor el problema? El caso es que hay m\u00e1s gente que piensa justo como esta persona y entenderlo puede apoyar tu causa a\u00fan m\u00e1s. Es mucho m\u00e1s com\u00fan conversar con gente que piensa como t\u00fa as\u00ed que deja la defensa de tu causa para cuando est\u00e9s en ella. Ahora aprovecha el momento y escucha lo que hay all\u00e1 afuera de tu n\u00facleo. Aprende sin conceder y observa la reacci\u00f3n que tienen a tus puntos. Lo m\u00e1s probable es que esa persona no es la \u00fanica que piensa as\u00ed. Puedes escuchar hasta donde puedes y luego, dejar el tema.  No gastes saliva y desgastes tus emociones en donde no servir\u00e1 al mundo,. Guarda fuerzas para cuando las necesites. <\/p>\n\n\n\n<h3 class=\"wp-block-heading\">No lo tomes personal. <\/h3>\n\n\n\n<p>Incluso aunque el otro te est\u00e9 ofreciendo sus comentarios en tono de burla o para descontar lo que t\u00fa dices, puedes ser firme sin ser defensiva porque esto no se trata de ti, es un tema que debe ocuparnos a todos. Expresa tus ideas con seguridad y calma, incluso explica porqu\u00e9 lo que est\u00e1n diciendo puede resultar ofensivo, y en tu coraz\u00f3n recuerda que est\u00e1s pidiendo empat\u00eda y acci\u00f3n.  Pract\u00edcalas. <\/p>\n\n\n\n<h3 class=\"wp-block-heading\">\u00c1rmate de valor y no de rencor. <\/h3>\n\n\n\n<p>Para que realmente hagamos una diferencia en el mundo, necesitamos mucho valor y recordar que esta es una causa de largo plazo. Inclusive si en un par de a\u00f1os el D\u00eda Internacional de la Mujer fuera causa de celebraci\u00f3n por todo lo conquistado, la igualdad, la justicia y los valores de unidad humana requerir\u00e1n atenci\u00f3n siempre, quienes pongan el dedo en la llaga y quienes iluminen caminos a las soluciones posibles. \u00c1rmate de valor que te vamos a necesitar. La sana indignaci\u00f3n, esa que nos invita a no conformarnos con lo que est\u00e1 si es incorrecto, se suma a tu valor. El rencor y la auto-justificaci\u00f3n de actos peores que los que criticamos, no.  Convi\u00e9rtete en lo que quieres admirar, en lo que quieres construir y vamos para adelante hasta que decir felicidades en el D\u00eda Internacional de la Mujer sea un acto tan com\u00fan y corriente como dar los buenos d\u00edas (aunque siempre habr\u00e1 quien responda \u00bfY qu\u00e9 tienen de buenos?)<\/p>\n\n\n\n<h3 class=\"wp-block-heading\">\u00danete al tema de este a\u00f1o: Elige retar. <\/h3>\n\n\n\n<p>#ChoosetoChallenge. Como dice en el <a href=\"https:\/\/www.internationalwomensday.com\/theme\" data-type=\"URL\" data-id=\"https:\/\/www.internationalwomensday.com\/theme\">sitio del IWD<\/a> (D\u00eda internacional de la mujer), <\/p>\n\n\n\n<h4 class=\"has-text-align-center wp-block-heading\">\u00abUn mundo retado es un mundo alerta. Individualmente, todos somos responsables por nuestros pensamientos y acciones &#8211; todo el d\u00eda, cada d\u00eda. .<\/h4>\n\n\n\n<h4 class=\"has-text-align-center wp-block-heading\">Podemos elegir retarnos y hablar en voz alta de los sesgos de g\u00e9nero y la desigualdad. Todos podemos elegir buscar y celebrar los logros de las mujeres. Colectivamente, podemos ayudar a crear un mundo m\u00e1s incluyente. Del reto viene el cambio as\u00ed que elijamos retar. \u00bb <\/h4>\n\n\n\n<p><\/p>\n\n\n\n<p>Es tiempo de que todos podamos tocar el tema. <strong>Yo elijo retar, y a quien no le guste lo que digo, escucharlo para movernos hacia el cambio juntos. <\/strong>\u00bfQu\u00e9 dices? \u00bfAceptas el reto?<\/p>\n\n\n\n<div class=\"wp-block-image\"><figure class=\"alignleft size-large is-resized\"><a href=\"http:\/\/www.e-quidam.com\/elblog\/wp-content\/uploads\/2021\/03\/image.png\"><img loading=\"lazy\" decoding=\"async\" src=\"http:\/\/www.e-quidam.com\/elblog\/wp-content\/uploads\/2021\/03\/image-1024x792.png\" alt=\"\" class=\"wp-image-2468\" width=\"457\" height=\"353\" srcset=\"http:\/\/www.e-quidam.com\/elblog\/wp-content\/uploads\/2021\/03\/image-1024x792.png 1024w, http:\/\/www.e-quidam.com\/elblog\/wp-content\/uploads\/2021\/03\/image-300x232.png 300w, http:\/\/www.e-quidam.com\/elblog\/wp-content\/uploads\/2021\/03\/image-768x594.png 768w, http:\/\/www.e-quidam.com\/elblog\/wp-content\/uploads\/2021\/03\/image-1536x1188.png 1536w, http:\/\/www.e-quidam.com\/elblog\/wp-content\/uploads\/2021\/03\/image.png 1544w\" sizes=\"auto, (max-width: 457px) 100vw, 457px\" \/><\/a><\/figure><\/div>\n\n\n\n<p>Como dice esta foto del sitio de <a href=\"https:\/\/www.internationalwomensday.com\/theme\" data-type=\"URL\" data-id=\"https:\/\/www.internationalwomensday.com\/theme\">IWD<\/a>, <\/p>\n\n\n\n<p>\u00abLas mujeres pertenecen en todos los lugares donde se toman decisiones.\u00bb<\/p>\n\n\n\n<p><strong>Como \u00e9l y muchos m\u00e1s, levanta la mano y coloca tu foto en redes sociales con el hashtag #ChooseToChallenge.<\/strong><\/p>\n","protected":false},"excerpt":{"rendered":"<p>Mucho se dice del 8 de Marzo, de lo que significa, de porqu\u00e9 la ONU [&hellip;]<\/p>\n","protected":false},"author":1,"featured_media":419,"comment_status":"open","ping_status":"closed","sticky":false,"template":"","format":"standard","meta":{"footnotes":""},"categories":[90,3],"tags":[93,92,91,94],"class_list":["post-2462","post","type-post","status-publish","format-standard","has-post-thumbnail","hentry","category-desarrollo-humano","category-temasinteres","tag-escucha","tag-libertad","tag-mujer","tag-reto"],"_links":{"self":[{"href":"http:\/\/www.e-quidam.com\/elblog\/wp-json\/wp\/v2\/posts\/2462","targetHints":{"allow":["GET"]}}],"collection":[{"href":"http:\/\/www.e-quidam.com\/elblog\/wp-json\/wp\/v2\/posts"}],"about":[{"href":"http:\/\/www.e-quidam.com\/elblog\/wp-json\/wp\/v2\/types\/post"}],"author":[{"embeddable":true,"href":"http:\/\/www.e-quidam.com\/elblog\/wp-json\/wp\/v2\/users\/1"}],"replies":[{"embeddable":true,"href":"http:\/\/www.e-quidam.com\/elblog\/wp-json\/wp\/v2\/comments?post=2462"}],"version-history":[{"count":6,"href":"http:\/\/www.e-quidam.com\/elblog\/wp-json\/wp\/v2\/posts\/2462\/revisions"}],"predecessor-version":[{"id":2472,"href":"http:\/\/www.e-quidam.com\/elblog\/wp-json\/wp\/v2\/posts\/2462\/revisions\/2472"}],"wp:featuredmedia":[{"embeddable":true,"href":"http:\/\/www.e-quidam.com\/elblog\/wp-json\/wp\/v2\/media\/419"}],"wp:attachment":[{"href":"http:\/\/www.e-quidam.com\/elblog\/wp-json\/wp\/v2\/media?parent=2462"}],"wp:term":[{"taxonomy":"category","embeddable":true,"href":"http:\/\/www.e-quidam.com\/elblog\/wp-json\/wp\/v2\/categories?post=2462"},{"taxonomy":"post_tag","embeddable":true,"href":"http:\/\/www.e-quidam.com\/elblog\/wp-json\/wp\/v2\/tags?post=2462"}],"curies":[{"name":"wp","href":"https:\/\/api.w.org\/{rel}","templated":true}]}}