{"id":26,"date":"2009-04-20T18:42:59","date_gmt":"2009-04-21T00:42:59","guid":{"rendered":"http:\/\/www.e-quidam.com\/elblog\/?p=26"},"modified":"2009-04-21T04:30:32","modified_gmt":"2009-04-21T10:30:32","slug":"redes-sociales-y-comunidades","status":"publish","type":"post","link":"http:\/\/www.e-quidam.com\/elblog\/redes-sociales-y-comunidades\/","title":{"rendered":"Redes Sociales y Comunidades"},"content":{"rendered":"<figure id=\"attachment_97\" aria-describedby=\"caption-attachment-97\" style=\"width: 300px\" class=\"wp-caption alignright\"><img loading=\"lazy\" decoding=\"async\" class=\"size-medium wp-image-97\" title=\"pajaros-en-el-alambre\" src=\"http:\/\/www.e-quidam.com\/elblog\/wp-content\/uploads\/2009\/04\/pajaros-en-el-alambre-300x200.jpg\" alt=\"Fotograf\u00eda de Ricardo Morell\" width=\"300\" height=\"200\" srcset=\"http:\/\/www.e-quidam.com\/elblog\/wp-content\/uploads\/2009\/04\/pajaros-en-el-alambre-300x200.jpg 300w, http:\/\/www.e-quidam.com\/elblog\/wp-content\/uploads\/2009\/04\/pajaros-en-el-alambre.jpg 800w\" sizes=\"auto, (max-width: 300px) 100vw, 300px\" \/><figcaption id=\"caption-attachment-97\" class=\"wp-caption-text\">Fotograf\u00eda de Ricardo Morell<\/figcaption><\/figure>\n<p>En linea y fuera de linea, todos podemos beneficiarnos de tener un mayor sentido de comunidad.\u00a0 Si sabes relacionarte, si eres una persona generosa y emp\u00e1tica con los dem\u00e1s, si disfrutas de un sentido de comunidad y libre intercambio de ideas, las redes en linea son una exelente herramienta para expandir, mantener y aprovechar al m\u00e1ximo tu red social.\u00a0 Si eres abusivo, grosero, poco te importa la gente y solamente los buscas cuando tienes algo que pedirles, las redes sociales amplificar\u00e1n todo esto y te dar\u00e1n mala fama a lo largo y ancho del planeta.\u00a0 Como buenas herramientas, hay que saberlas usar, usarlas responsablemente y disfrutar de lo que construimos con ellas.<\/p>\n<p>Las redes sociales que facilita <a href=\"http:\/\/www.facebook.com\" target=\"_blank\">FACEBOOK<\/a>, por ejemplo, no necesariamente nos ayudan a perseguir fines m\u00e1s pr\u00e1cticos y de trabajo.\u00a0\u00a0 En FB me he encontrado amigos de hace mucho tiempo, puedo usarlo para saber en qu\u00e9 andan, qu\u00e9 les gusta, c\u00f3mo se ven, etc.\u00a0 Por otro lado, tambi\u00e9n tengo una p\u00e1gina dedicada a \u00abfans\u00bb de <a href=\"http:\/\/www.facebook.com\/home.php#\/pages\/Atizapan-Mexico\/EL-ELEMENTO-HUMANO\/37150168583\" target=\"_blank\">EL ELEMENTO HUMANO\u00ae<\/a>, as\u00ed como otra de la <a href=\"http:\/\/www.facebook.com\/home.php#\/pages\/BIG-BRAZZ-BAND\/61195077350\" target=\"_blank\">BIG BRAZZ BAND<\/a>, as\u00ed que &#8211; como otros muchos aspectos de mi vida &#8211; el trabajo est\u00e1 presente en lo personal y vice versa.\u00a0 En ocasiones, hago menci\u00f3n de blogs que estoy leyendo o p\u00e1ginas\/videos interesantes que me encontr\u00e9.\u00a0 En este espacio juego mucho y comparto un poco lo que mi trabajo es y lo que me lleva a pensar y explorar.\u00a0 Mis amigos de verdad, y mi red extendida de gente entra\u00f1able est\u00e1n ahi.\u00a0 Me entero de sus cumplea\u00f1os, los pormenores de su vida y puedo compartir alegr\u00edas, logros, frustraciones y disfrutes de manera inmediata y abierta.\u00a0\u00a0 Debo confesar que como tengo m\u00e1s de 40 a\u00f1os, antes me daba un poco de miedo este sitio.\u00a0 Y por supuesto, todo lo que en \u00e9l se publica es tan p\u00fablico como pueda ser, as\u00ed que si no quisieras ver algo en la portada del matutino del d\u00eda siguiente, no lo pongas en Facebook!\u00a0 Por otro lado, es adictivo y socialmente incre\u00edble el acceso que tienes a otros y la profunidad de conversaciones que inician en FB y terminan en el cafecito de la esquina de mi casa, o en la videoconversaci\u00f3n via Skype hasta el otro lado del mundo.\u00a0 Hoy por hoy, lo recomiendo ampliamente y lo disfruto en mi vida cotidiana.<\/p>\n<p>Sin duda mi sitio favorito de red social es el enfocad\u00edsimo al trabajo, <a href=\"http:\/\/www.linkedin.com\" target=\"_blank\">LinkedIn<\/a>.\u00a0 Este espacio es como tener tu curriculum siempre actualizado y a la vista del mundo laboral.\u00a0 Te permite entrar en contacto con gente de caracter\u00edsticas o intereses similares (en los grupos), leer las opiniones de expertos y pedir opini\u00f3n de gente diversa y seria en sus mensajes (en las preguntas y encuestas).\u00a0\u00a0 Claro que me he encontrado muchos amigos del mundo natural en este espacio virtual, pero tendemos a enterarnos en qu\u00e9 estamos trabajando unos y otros, c\u00f3mo podemos colaborar, qui\u00e9n me puede ayudar para un proyecto, y mucho m\u00e1s.\u00a0 Es como tener a la mano a toda mi red profesional como parte de mi d\u00eda de labores, no importando en qu\u00e9 parte del globo est\u00e9n.\u00a0 Me contacto con clientes, ellos me buscan o me recomiendan, rebotamos ideas.\u00a0 Se ha vuelto parte esencial de mi entorno profesional. Aunque algunos promueven el incluir a cualquier persona que te lo pida como contacto (se llaman <a href=\"http:\/\/en.wikipedia.org\/wiki\/LION\" target=\"_blank\">LIONs<\/a>, por Linked In Open Networkers), yo he seguido el consejo de los creadores y hasta ahora, los que est\u00e1n en mi red son gente que conozco y podr\u00eda conectar o recomendar si alguien me lo solicita.\u00a0 A los que nos hemos conocido por este medio, les abr\u00ed un mail especial para comunicarnos y poco a poco nos estamos conociendo mejor.\u00a0 Algunos se me antojan colaboradores futuros, algunos clientes, algunos mentores.\u00a0 El tiempo dir\u00e1.<\/p>\n<p>Mi preferencia personal es no entrar a demasiados sitios de redes sociales.\u00a0 As\u00ed que, por ahora, las invitaciones de High5, MySpace y dem\u00e1s no reciben mi respuesta.\u00a0 Quiero tomar en serio mis redes digitales y siento que no podr\u00eda atender m\u00e1s que estas dos.\u00a0 Como todo, requieren disciplina y entrega.\u00a0 Yo les dedico al menos unos 30 minutos por la ma\u00f1ana y otros t\u00e1ntos por la noche.\u00a0 Si estoy en mi oficina durante el d\u00eda, quiz\u00e1s bastante m\u00e1s.\u00a0 Representan un buen cambio de ritmo (por ende, descanso) cuando estoy en medio de escribir una propuesta, subir una entrada a mi blog o continuar una junta de trabajo.\u00a0 Ahora estoy probando TWITTER,\u00a0 y debo decir que a\u00fan no creo entender la herramienta.\u00a0 Ya les contar\u00e9 m\u00e1s adelante.\u00a0 Por lo pronto, me hacen sonre\u00edr las bobadas de mis amigos a mitad del d\u00eda y pensar las preguntas o discusiones de mis colegas en linea.\u00a0 Nada mejor que eso para seguir conectada. \u00bfNo creen?<\/p>\n","protected":false},"excerpt":{"rendered":"<p>En linea y fuera de linea, todos podemos beneficiarnos de tener un mayor sentido de [&hellip;]<\/p>\n","protected":false},"author":1,"featured_media":0,"comment_status":"open","ping_status":"closed","sticky":false,"template":"","format":"standard","meta":{"footnotes":""},"categories":[12,3],"tags":[10,80,13],"class_list":["post-26","post","type-post","status-publish","format-standard","hentry","category-herramientas-en-linea","category-temasinteres","tag-desarrollo-profesional","tag-productividad","tag-web-20"],"_links":{"self":[{"href":"http:\/\/www.e-quidam.com\/elblog\/wp-json\/wp\/v2\/posts\/26","targetHints":{"allow":["GET"]}}],"collection":[{"href":"http:\/\/www.e-quidam.com\/elblog\/wp-json\/wp\/v2\/posts"}],"about":[{"href":"http:\/\/www.e-quidam.com\/elblog\/wp-json\/wp\/v2\/types\/post"}],"author":[{"embeddable":true,"href":"http:\/\/www.e-quidam.com\/elblog\/wp-json\/wp\/v2\/users\/1"}],"replies":[{"embeddable":true,"href":"http:\/\/www.e-quidam.com\/elblog\/wp-json\/wp\/v2\/comments?post=26"}],"version-history":[{"count":17,"href":"http:\/\/www.e-quidam.com\/elblog\/wp-json\/wp\/v2\/posts\/26\/revisions"}],"predecessor-version":[{"id":106,"href":"http:\/\/www.e-quidam.com\/elblog\/wp-json\/wp\/v2\/posts\/26\/revisions\/106"}],"wp:attachment":[{"href":"http:\/\/www.e-quidam.com\/elblog\/wp-json\/wp\/v2\/media?parent=26"}],"wp:term":[{"taxonomy":"category","embeddable":true,"href":"http:\/\/www.e-quidam.com\/elblog\/wp-json\/wp\/v2\/categories?post=26"},{"taxonomy":"post_tag","embeddable":true,"href":"http:\/\/www.e-quidam.com\/elblog\/wp-json\/wp\/v2\/tags?post=26"}],"curies":[{"name":"wp","href":"https:\/\/api.w.org\/{rel}","templated":true}]}}