{"id":401,"date":"2010-02-10T14:40:39","date_gmt":"2010-02-10T20:40:39","guid":{"rendered":"http:\/\/www.e-quidam.com\/elblog\/?p=401"},"modified":"2010-02-10T14:49:11","modified_gmt":"2010-02-10T20:49:11","slug":"%c2%bfcuando-es-bueno-darse-por-vencido","status":"publish","type":"post","link":"http:\/\/www.e-quidam.com\/elblog\/%c2%bfcuando-es-bueno-darse-por-vencido\/","title":{"rendered":"\u00bfCu\u00e1ndo es bueno darse por Vencido?"},"content":{"rendered":"<p><a href=\"http:\/\/www.e-quidam.com\/elblog\/wp-content\/uploads\/2010\/02\/bigstockphoto_Skeleton_At_Work__30795.jpg\"><img loading=\"lazy\" decoding=\"async\" class=\"alignright size-medium wp-image-405\" title=\"bigstockphoto_Skeleton_At_Work__30795\" src=\"http:\/\/www.e-quidam.com\/elblog\/wp-content\/uploads\/2010\/02\/bigstockphoto_Skeleton_At_Work__30795-300x199.jpg\" alt=\"\" width=\"300\" height=\"199\" srcset=\"http:\/\/www.e-quidam.com\/elblog\/wp-content\/uploads\/2010\/02\/bigstockphoto_Skeleton_At_Work__30795-300x199.jpg 300w, http:\/\/www.e-quidam.com\/elblog\/wp-content\/uploads\/2010\/02\/bigstockphoto_Skeleton_At_Work__30795.jpg 900w\" sizes=\"auto, (max-width: 300px) 100vw, 300px\" \/><\/a>La tenacidad es una caracter\u00edstica admirable, por supuesto. Pero \u00bfC\u00f3mo distinguirla de la terquedad? En ocasiones, seguir estoicamente contra viento y marea no es buena idea.\u00a0 \u00a1Cu\u00e1ntas veces permitimos que la idea \u00abNunca te des por vencido\u00bb sea la gu\u00eda de nuestras acciones, con tal de no vernos como perdedores o d\u00e9biles de car\u00e1cter! Puedo pensar en varias cosas en las que efectivamente, nunca habr\u00eda que darse por vencido: en la vida, en nuestra relaci\u00f3n con nosotros mismos, en la gente que confiamos, en nuestros sue\u00f1os&#8230;pero, de seguro que hay veces en que darse por vencido es lo m\u00e1s adecuado, el mejor plan de acci\u00f3n. \u00daltimamente he estado pensando en esto. Todos conocemos a alguien que desear\u00edamos que se hubieran dado por vencidos hace mucho, pero ahi siguen, da\u00f1\u00e1ndose a s\u00ed mismos, a los dem\u00e1s y a las relaciones que en el fondo, m\u00e1s les interesan.<\/p>\n<p>Nuevamente, como en el art\u00edculo de La Importancia de la Reflexi\u00f3n, decid\u00ed llevar la pregunta a una audiencia mayor. As\u00ed que la hice en LinkedIN.\u00a0 \u00a1S\u00ed que gener\u00f3 reacciones! Algunas personas apasionadamente defienden el punto de nunca darse por vencido y otros el de darse suficiente espacio para elegir cu\u00e1ndo debes detenerte aunque signifique no salir victorioso. Como coment\u00f3 <a href=\"http:\/\/dk.linkedin.com\/pub\/karin-zastrow\/0\/262\/13b\" target=\"_blank\">Karin Zastrow<\/a>, autora del libro Direct Leadership: \u201d Definitivamente tengo sentimientos al respecto de esto.\u00bb Muchos los tenemos.\u00a0 Es una parte importante de c\u00f3mo nos vemos a nosotros mismos y c\u00f3mo accionamos en el mundo.\u00a0 Es una pregunta central si queremos mantener el rumbo hacia nuestro prop\u00f3sito de vida.<\/p>\n<p><a href=\"http:\/\/www.linkedin.com\/in\/earlgray\" target=\"_blank\">Earl Gray<\/a>, coach personal y organizacional, tiene para si mismo una serie de lineamientos para saber cu\u00e1ndo est\u00e1 a punto para comenzar de nuevo:<\/p>\n<blockquote><p>Cuando me doy cuenta de que he estado confundiendo la fe con la terquedad<\/p>\n<p>Cuando veo que lograr lo que me hab\u00eda propuesto comprometer\u00eda lo que quiero ser y lo que quiero representar en el mundo<\/p>\n<p>Cuando entiendo que la dificultad de lo que me hab\u00eda propuesto no era tanto para llegar a la meta, sino para\u00a0 fortalecer mi car\u00e1cter y prepararme para lo que viene y realmente importa.<\/p>\n<p>Cuando aprend\u00ed a ocuparme menos de la opini\u00f3n de los dem\u00e1s que pudieran creer que fracas\u00e9 o etiquetarme de alguna otra manera negativa por abandonar el curso que llevaba.<\/p>\n<p>En resumidas cuentas, cuando puedo ver de manera renovada que mi ser es siempre m\u00e1s importante que mi hacer \u2013 y que las cosas m\u00e1s relevantes que hago siempre vienen de profundizar qui\u00e9n soy &#8211; entonces, puedo alejarme de lo que sea, declarar que empiezo de nuevo y reiniciar.<\/p><\/blockquote>\n<p>Para mi, en el fondo se trata de preguntarme siempre porqu\u00e9 estoy siguiendo el camino en el que voy. Continuamente. Nada sustituye a la b\u00fasqueda personal y plena de la conciencia que nos permite saber quienes somos y quienes queremos llegar a ser. \u00bfEs tu curso actual, el cotidiano, el que te llevar\u00e1 en la direcci\u00f3n correcta?\u00a0 \u00bfHas dejado atr\u00e1s el momento id\u00f3neo para dejar esto? \u00bfCu\u00e1l debe ser tu pr\u00f3ximo paso? Encontrar una forma que te funcione para hacerte estas preguntas dif\u00edciles es una de las cosas en las que nunca debieras darte por vencido. A veces se requiere solo de una brev\u00edsima pausa, a veces de una mini-vacaci\u00f3n y a veces hay que detenerlo todo para un vistazo largo y profundo de lo que dejas atr\u00e1s y lo que te espera en el futuro.<\/p>\n<p>Tambi\u00e9n vale la pena entender la carga emocional que implica el concepto de \u00abdarse por vencido\u00bb, en particular para ti y para los que te rodean. \u00bfLleva alg\u00fan significado impl\u00edcito? \u00bfEs, como dijera <a href=\"http:\/\/mx.linkedin.com\/in\/fungus\" target=\"_blank\">Francisco Laborde<\/a> : una forma abreviada de decir &#8216;cambiar por otra cosa&#8217;? \u00bfSignifica fracaso? \u00bfValor? Ir m\u00e1s all\u00e1 de lo que asumes en un principio, es una parte importante de ser efectivo, cumplir con tu prop\u00f3sito y acercarte a expresar en el mundo lo que eres. Al final, darse por vencido pudiera ser en ocasiones, la mejor forma de ganar. Es decir, en cada caso particular es necesaria la reflexi\u00f3n que gu\u00ede tus pasos. As\u00ed que respira hondo y, sin saltar a conclusiones, preg\u00fantate:<\/p>\n<ul>\n<blockquote>\n<li>\u00bfSer\u00e1 \u00e9ste un buen momento para darme por vencido?<\/li>\n<li>\u00bfC\u00f3mo me siento al respecto?<\/li>\n<li>\u00bfC\u00f3mo puedo salir adelante, avanzar?<\/li>\n<\/blockquote>\n<\/ul>\n","protected":false},"excerpt":{"rendered":"<p>La tenacidad es una caracter\u00edstica admirable, por supuesto. Pero \u00bfC\u00f3mo distinguirla de la terquedad? En [&hellip;]<\/p>\n","protected":false},"author":1,"featured_media":0,"comment_status":"open","ping_status":"closed","sticky":false,"template":"","format":"standard","meta":{"footnotes":""},"categories":[9,3,4],"tags":[30,10,25,31,32,26,6],"class_list":["post-401","post","type-post","status-publish","format-standard","hentry","category-productividad","category-temasinteres","category-vida-organizacional","tag-autenticidad","tag-desarrollo-profesional","tag-energia","tag-exito","tag-logros","tag-motivacion","tag-valores"],"_links":{"self":[{"href":"http:\/\/www.e-quidam.com\/elblog\/wp-json\/wp\/v2\/posts\/401","targetHints":{"allow":["GET"]}}],"collection":[{"href":"http:\/\/www.e-quidam.com\/elblog\/wp-json\/wp\/v2\/posts"}],"about":[{"href":"http:\/\/www.e-quidam.com\/elblog\/wp-json\/wp\/v2\/types\/post"}],"author":[{"embeddable":true,"href":"http:\/\/www.e-quidam.com\/elblog\/wp-json\/wp\/v2\/users\/1"}],"replies":[{"embeddable":true,"href":"http:\/\/www.e-quidam.com\/elblog\/wp-json\/wp\/v2\/comments?post=401"}],"version-history":[{"count":13,"href":"http:\/\/www.e-quidam.com\/elblog\/wp-json\/wp\/v2\/posts\/401\/revisions"}],"predecessor-version":[{"id":414,"href":"http:\/\/www.e-quidam.com\/elblog\/wp-json\/wp\/v2\/posts\/401\/revisions\/414"}],"wp:attachment":[{"href":"http:\/\/www.e-quidam.com\/elblog\/wp-json\/wp\/v2\/media?parent=401"}],"wp:term":[{"taxonomy":"category","embeddable":true,"href":"http:\/\/www.e-quidam.com\/elblog\/wp-json\/wp\/v2\/categories?post=401"},{"taxonomy":"post_tag","embeddable":true,"href":"http:\/\/www.e-quidam.com\/elblog\/wp-json\/wp\/v2\/tags?post=401"}],"curies":[{"name":"wp","href":"https:\/\/api.w.org\/{rel}","templated":true}]}}