{"id":416,"date":"2010-02-15T09:27:17","date_gmt":"2010-02-15T15:27:17","guid":{"rendered":"http:\/\/www.e-quidam.com\/elblog\/?p=416"},"modified":"2010-02-15T09:27:17","modified_gmt":"2010-02-15T15:27:17","slug":"pensar-sentir-hacer","status":"publish","type":"post","link":"http:\/\/www.e-quidam.com\/elblog\/pensar-sentir-hacer\/","title":{"rendered":"Pensar, Sentir, Hacer."},"content":{"rendered":"<p><a href=\"http:\/\/www.e-quidam.com\/elblog\/wp-content\/uploads\/2010\/02\/bigstockphoto_Hispanic_Woman_Conceptualizing_4512520.jpg\"><img loading=\"lazy\" decoding=\"async\" class=\"alignleft size-medium wp-image-419\" title=\"bigstockphoto_Hispanic_Woman_Conceptualizing_4512520\" src=\"http:\/\/www.e-quidam.com\/elblog\/wp-content\/uploads\/2010\/02\/bigstockphoto_Hispanic_Woman_Conceptualizing_4512520-300x200.jpg\" alt=\"\" width=\"300\" height=\"200\" srcset=\"http:\/\/www.e-quidam.com\/elblog\/wp-content\/uploads\/2010\/02\/bigstockphoto_Hispanic_Woman_Conceptualizing_4512520-300x200.jpg 300w, http:\/\/www.e-quidam.com\/elblog\/wp-content\/uploads\/2010\/02\/bigstockphoto_Hispanic_Woman_Conceptualizing_4512520.jpg 900w\" sizes=\"auto, (max-width: 300px) 100vw, 300px\" \/><\/a>\u00bfQu\u00e9 mejor forma de asegurar que tus elecciones, decisiones y acciones tengan substancia y alma que incluirte completamente en ellas? Los recursos de cada persona est\u00e1n en todo lo que son, no solamente en una parte de ellos. Muchos hemos confundido la objetividad con dejar de lado los sentimientos, la proactividad con lanzarnos a la acci\u00f3n sin reflexi\u00f3n alguna. Si lo piensas bien, te dar\u00e1s cuenta de que tus mejores decisiones y m\u00e1s inteligentes movidas han sido informadas por tus reacciones, emociones, valores e intuici\u00f3n. Tus sentimientos y motivaciones estaban presentes, eran claras y te ayudaron a pensar correctamente, catapultando ese pensamiento hacia las acciones concretas que tomaste.<\/p>\n<p>Puedes asegurarte de ver el cuadro completo al incluir en tu toma de decisiones el ciclo de pensar-sentir-actuar:<\/p>\n<p><strong>\u00a1PENSAR!<\/strong><\/p>\n<p>No des nada por sentado. Deja espacio para la reflexi\u00f3n; repiensa tus premisas y motivaciones cuando te sea posible. A\u00fan una breve reflexi\u00f3n puede hacer una gran diferencia en la calidad de lo que decides y haces.\u00a0 Piensa junto con otros cuantas veces puedas. Repasa tu pensamiento con ellos para que hagas evidente la evoluci\u00f3n que tiene. No es que tengas que detenerte a pensar en exceso cada detalle, pero el tiempo que dediques a pensar har\u00e1, al menos, que tus decisiones futuras se beneficien del ejercicio.\u00a0 Desconectar el cerebro es una buena manera de meterse en problemas. Preg\u00fantate todos los porqu\u00e9s, para qu\u00e9s y que-tal-si necesarios antes, durante y despu\u00e9s de dar pasos en alguna direcci\u00f3n. Pensar m\u00e1s te har\u00e1 pensar cada vez mejor, as\u00ed que hacerlo te ayudar\u00e1 a adquirir maestr\u00eda en la forma de usar tu maravillosa mente.<\/p>\n<p><strong>\u00a1SIENTE!<\/strong><\/p>\n<p>Los sentimientos no son tu enemigo. Sentir algo es tu forma de lidiar con temores, inseguridades e inclusive, el verdadero peligro.\u00a0 Ign\u00f3ralos y regresar\u00e1n para atormentarte m\u00e1s tarde en la forma de problemas para implementar, remordimiento o falta de energ\u00eda y motivaci\u00f3n para llevar a cabo tu decisi\u00f3n o defenderla de embates que pudiera enfrentar.\u00a0 Asume que tus sentimientos te dicen algo. \u00bfRealmente es peligroso? \u00bfC\u00f3mo puedes anticipar las dificultades? \u00bfEst\u00e1n hablando tus miedos? \u00bfC\u00f3mo puedes librarte de ellos? Ni siquera es necesario sobre-analizar tus sentimientos. Solamente haz espacio para sentirlos y estar con ellos, para ver qu\u00e9 aportan a tus exploraciones. A menudo me sirvo de ellos para tomar una decisi\u00f3n entre dos posibilidades que ya hemos analizado hasta el cansancio: me permito sentir lo que ser\u00eda vivir uno u otro escenario. \u00a1Con frecuencia resulta un ejecicio iluminador que revela mis propios valores! \u00bfY qu\u00e9 decir de los sentimientos positivos? La emoci\u00f3n, el gozo, el impulso. Todos te dirigen hacia lo que te apasiona e interesa, hacia lo que en verdad valoras, permiti\u00e9ndote tomar avenidas m\u00e1s acertadas para ti.<\/p>\n<p><strong>\u00a1HACER!<\/strong><\/p>\n<p>Por supuesto que lo que m\u00e1s transforma el mundo es lo que haces. De nada servir\u00e1 pensar y sentir si no te mueven a hacer. Hacer en nuestra expresi\u00f3n en el mundo. Realmente no existe un \u00abno hacer\u00bb ya que a\u00fan quedarse quieto es una acci\u00f3n que puede tener fuertes consecuencias.\u00a0 Mu\u00e9vete a la acci\u00f3n que invitan tus pensamientos y sentimientos, con la consigna de estar preparado a corregir el curso a trav\u00e9s de la conciencia cont\u00ednua de lo que haces y c\u00f3mo impacta a ti y a los dem\u00e1s.\u00a0 Inclusive la acci\u00f3n impulsiva es \u00fatil si te mantiene pensando y sintiendo en el proceso. Disfruta de tu poder para hacer y aseg\u00farate de estar abierto a lo que viene.\u00a0 Eres un ser en movimiento as\u00ed que cada acci\u00f3n contribuye a quien eres, pero no te define.\u00a0 Recuerda eso para mantener la reflexi\u00f3n en tu quehacer cotidiano.<\/p>\n<blockquote>\n<p style=\"text-align: left;\">Me encantar\u00e1 escuchar sus comentarios al respecto de estas ideas&#8230;<\/p>\n<p style=\"text-align: center;\">\n<p style=\"text-align: left;\">\u00bfTe permites pensar-sentir-actuar de manera cotidiana?<\/p>\n<p>\u00bfCu\u00e1l te presenta mayor reto?<\/p>\n<p>\u00bfA cu\u00e1l de las tres partes del ciclo olvidas con frecuencia?<\/p><\/blockquote>\n","protected":false},"excerpt":{"rendered":"<p>\u00bfQu\u00e9 mejor forma de asegurar que tus elecciones, decisiones y acciones tengan substancia y alma [&hellip;]<\/p>\n","protected":false},"author":1,"featured_media":0,"comment_status":"open","ping_status":"closed","sticky":false,"template":"","format":"standard","meta":{"footnotes":""},"categories":[3,4],"tags":[30,10,25,5,31,26,80,6],"class_list":["post-416","post","type-post","status-publish","format-standard","hentry","category-temasinteres","category-vida-organizacional","tag-autenticidad","tag-desarrollo-profesional","tag-energia","tag-etica","tag-exito","tag-motivacion","tag-productividad","tag-valores"],"_links":{"self":[{"href":"http:\/\/www.e-quidam.com\/elblog\/wp-json\/wp\/v2\/posts\/416","targetHints":{"allow":["GET"]}}],"collection":[{"href":"http:\/\/www.e-quidam.com\/elblog\/wp-json\/wp\/v2\/posts"}],"about":[{"href":"http:\/\/www.e-quidam.com\/elblog\/wp-json\/wp\/v2\/types\/post"}],"author":[{"embeddable":true,"href":"http:\/\/www.e-quidam.com\/elblog\/wp-json\/wp\/v2\/users\/1"}],"replies":[{"embeddable":true,"href":"http:\/\/www.e-quidam.com\/elblog\/wp-json\/wp\/v2\/comments?post=416"}],"version-history":[{"count":11,"href":"http:\/\/www.e-quidam.com\/elblog\/wp-json\/wp\/v2\/posts\/416\/revisions"}],"predecessor-version":[{"id":428,"href":"http:\/\/www.e-quidam.com\/elblog\/wp-json\/wp\/v2\/posts\/416\/revisions\/428"}],"wp:attachment":[{"href":"http:\/\/www.e-quidam.com\/elblog\/wp-json\/wp\/v2\/media?parent=416"}],"wp:term":[{"taxonomy":"category","embeddable":true,"href":"http:\/\/www.e-quidam.com\/elblog\/wp-json\/wp\/v2\/categories?post=416"},{"taxonomy":"post_tag","embeddable":true,"href":"http:\/\/www.e-quidam.com\/elblog\/wp-json\/wp\/v2\/tags?post=416"}],"curies":[{"name":"wp","href":"https:\/\/api.w.org\/{rel}","templated":true}]}}