{"id":483,"date":"2010-04-26T15:02:42","date_gmt":"2010-04-26T21:02:42","guid":{"rendered":"http:\/\/www.e-quidam.com\/elblog\/?p=483"},"modified":"2010-04-26T15:02:42","modified_gmt":"2010-04-26T21:02:42","slug":"una-sola-cosa","status":"publish","type":"post","link":"http:\/\/www.e-quidam.com\/elblog\/una-sola-cosa\/","title":{"rendered":"Una Sola Cosa"},"content":{"rendered":"<p><a href=\"http:\/\/www.e-quidam.com\/elblog\/wp-content\/uploads\/2010\/04\/bigstockphoto_The_Missing_Links_949324.jpg\"><img loading=\"lazy\" decoding=\"async\" class=\"alignleft size-medium wp-image-485\" style=\"margin: 5px;\" title=\"bigstockphoto_The_Missing_Links_949324\" src=\"http:\/\/www.e-quidam.com\/elblog\/wp-content\/uploads\/2010\/04\/bigstockphoto_The_Missing_Links_949324-300x215.jpg\" alt=\"\" width=\"300\" height=\"215\" srcset=\"http:\/\/www.e-quidam.com\/elblog\/wp-content\/uploads\/2010\/04\/bigstockphoto_The_Missing_Links_949324-300x215.jpg 300w, http:\/\/www.e-quidam.com\/elblog\/wp-content\/uploads\/2010\/04\/bigstockphoto_The_Missing_Links_949324.jpg 900w\" sizes=\"auto, (max-width: 300px) 100vw, 300px\" \/><\/a>Si en algo te pareces a mi y a la gente con la que cotidianamente trabajo, tendr\u00e1s ante ti una semana llena de actividades. Est\u00e1n las citas por conseguir, las personas con las que hay que reunirse, las cosas que hacer, las llamadas por completar, los lugares a los que hay que acudir. Y as\u00ed sucesivamente. Todo es de alta prioridad y necesario, pero verlo todo junto al inicio de la semana, es como para querer \u00abaventar la toalla\u00bb de una buena vez.\u00a0 Resulta un tanto abrumador. Una de las quejas m\u00e1s comunes que escucho en las sesiones de coaching y en la vida diaria es aquella de que el tiempo no alcanza para realmente poner atenci\u00f3n a lo importante. Lo urgente, lo necesario, lo de todos los d\u00edas nos roba cada minuto disponible. \u00a1No es sorprendente que la gente\u00a0 sienta que la vida se le escapa! Que todo esto que hacen los deja insatisfechos o ansiosos.<\/p>\n<p>As\u00ed que, les propongo algo distinto: encuentra esa sola cosa que har\u00e1 que \u00e9sta semana haya valido la pena. \u00a1S\u00ed, UNA SOLA!<\/p>\n<p style=\"text-align: center;\"><strong>Se trata de \u00e9sa que, cuando se complete har\u00e1 que todo valga la pena. <\/strong><\/p>\n<p>No tiene que ser algo enorme, pero s\u00ed algo que a ti te interese lograr en estos d\u00edas y que aunque todo lo dem\u00e1s no saliera, pondr\u00eda una sonrisa en tu rostro este fin de semana. Algo relacionado con tu prop\u00f3sito de vida, con la visi\u00f3n que est\u00e1n construyendo en tu compa\u00f1\u00eda o con la forma de vida que quieren cosechar en el futuro tu familia y tu. Es ese algo que no querr\u00e1s omitir esta semana. Escribe esa \u00daNICA COSA en la parte superior de tu agenda para cada d\u00eda de esta semana y aseg\u00farate que cada d\u00eda haces algo por acercarte a ese logro. Algo, aunque sea un peque\u00f1o avance, que lleves a cabo cada ma\u00f1ana sin empezar ninguna otra cosa. Ya podr\u00e1s incluir otra la siguiente semana, cuando \u00e9sta est\u00e9 terminada. Enfocarte a un solo tema de la semana te dar\u00e1 claridad en un entorno que resulta, por otra parte, ca\u00f3tico. Te recordar\u00e1 qui\u00e9n eres y qu\u00e9 est\u00e1s haciendo aqu\u00ed. Te permitir\u00e1 salir del \u00abbosque\u00bb y ver un panorama m\u00e1s amplio al menos una vez por d\u00eda, brindando perspectiva a todo lo que ocupa tu tiempo.<\/p>\n<p>Inclusive puedes invitar a tus colegas a nombrar una sola cosa que ellos quieren hacer esta semana, pase lo que pase.\u00a0 As\u00ed, les compartir\u00e1s la posibilidad de enfocarla. Compartir el compromiso de nombrar una sola cosa en voz alta crea un espacio en el que pueden apoyarse unos a otros.\u00a0 Entonces, se convierte en estrategia compartida; en menci\u00f3n significativa para conversar despu\u00e9s del saludo inicial. Podr\u00e1n preguntarse: \u00ab\u00bfC\u00f3mo vas con aquello?\u00bb o \u00ab\u00bfCu\u00e1nto has progresado con tu cometido de esta semana?\u00bb\u00a0 La energ\u00eda se usa, ya no en correr de un lado a otro, sino tambi\u00e9n en recordarte a ti mismo lo que tienes en mente y que de coraz\u00f3n quieres perseguir. Encontrar\u00e1s que muchas de las cosas pendientes tambi\u00e9n contribuyen a tu tema de la semana, y que as\u00ed cobran nuevo significado.<\/p>\n<p>Veamos. \u00a1H\u00e1zlo esta semana! Luego podr\u00e1s compartir aqu\u00ed, en los comentarios, c\u00f3mo te fue. Espero que tus esfuerzos de la semana rindan frutos en \u00e9sa sola cosa&#8230;\u00a1y en todo lo dem\u00e1s!<\/p>\n","protected":false},"excerpt":{"rendered":"<p>Si en algo te pareces a mi y a la gente con la que cotidianamente [&hellip;]<\/p>\n","protected":false},"author":1,"featured_media":0,"comment_status":"open","ping_status":"closed","sticky":false,"template":"","format":"standard","meta":{"footnotes":""},"categories":[9,3],"tags":[30,20,10,25,22,24,31,26,18],"class_list":["post-483","post","type-post","status-publish","format-standard","hentry","category-productividad","category-temasinteres","tag-autenticidad","tag-desarrollo","tag-desarrollo-profesional","tag-energia","tag-engagement","tag-equipo","tag-exito","tag-motivacion","tag-organizacion"],"_links":{"self":[{"href":"http:\/\/www.e-quidam.com\/elblog\/wp-json\/wp\/v2\/posts\/483","targetHints":{"allow":["GET"]}}],"collection":[{"href":"http:\/\/www.e-quidam.com\/elblog\/wp-json\/wp\/v2\/posts"}],"about":[{"href":"http:\/\/www.e-quidam.com\/elblog\/wp-json\/wp\/v2\/types\/post"}],"author":[{"embeddable":true,"href":"http:\/\/www.e-quidam.com\/elblog\/wp-json\/wp\/v2\/users\/1"}],"replies":[{"embeddable":true,"href":"http:\/\/www.e-quidam.com\/elblog\/wp-json\/wp\/v2\/comments?post=483"}],"version-history":[{"count":2,"href":"http:\/\/www.e-quidam.com\/elblog\/wp-json\/wp\/v2\/posts\/483\/revisions"}],"predecessor-version":[{"id":486,"href":"http:\/\/www.e-quidam.com\/elblog\/wp-json\/wp\/v2\/posts\/483\/revisions\/486"}],"wp:attachment":[{"href":"http:\/\/www.e-quidam.com\/elblog\/wp-json\/wp\/v2\/media?parent=483"}],"wp:term":[{"taxonomy":"category","embeddable":true,"href":"http:\/\/www.e-quidam.com\/elblog\/wp-json\/wp\/v2\/categories?post=483"},{"taxonomy":"post_tag","embeddable":true,"href":"http:\/\/www.e-quidam.com\/elblog\/wp-json\/wp\/v2\/tags?post=483"}],"curies":[{"name":"wp","href":"https:\/\/api.w.org\/{rel}","templated":true}]}}