{"id":587,"date":"2010-07-25T16:54:39","date_gmt":"2010-07-25T22:54:39","guid":{"rendered":"http:\/\/www.e-quidam.com\/elblog\/?p=587"},"modified":"2010-07-25T16:54:39","modified_gmt":"2010-07-25T22:54:39","slug":"juntos-pero-no-revueltos","status":"publish","type":"post","link":"http:\/\/www.e-quidam.com\/elblog\/juntos-pero-no-revueltos\/","title":{"rendered":"Juntos, pero no Revueltos"},"content":{"rendered":"<p><a href=\"http:\/\/www.e-quidam.com\/elblog\/wp-content\/uploads\/2010\/07\/bigstock_Two_Paths_513071.jpg\"><img loading=\"lazy\" decoding=\"async\" class=\"alignright size-medium wp-image-591\" title=\"bigstock_Two_Paths_513071\" src=\"http:\/\/www.e-quidam.com\/elblog\/wp-content\/uploads\/2010\/07\/bigstock_Two_Paths_513071-300x225.jpg\" alt=\"\" width=\"300\" height=\"225\" srcset=\"http:\/\/www.e-quidam.com\/elblog\/wp-content\/uploads\/2010\/07\/bigstock_Two_Paths_513071-300x225.jpg 300w, http:\/\/www.e-quidam.com\/elblog\/wp-content\/uploads\/2010\/07\/bigstock_Two_Paths_513071-150x112.jpg 150w, http:\/\/www.e-quidam.com\/elblog\/wp-content\/uploads\/2010\/07\/bigstock_Two_Paths_513071-400x300.jpg 400w, http:\/\/www.e-quidam.com\/elblog\/wp-content\/uploads\/2010\/07\/bigstock_Two_Paths_513071.jpg 900w\" sizes=\"auto, (max-width: 300px) 100vw, 300px\" \/><\/a>Hoy es un d\u00eda hist\u00f3rico para mi. Hoy es el d\u00eda que se separan mis dos blogs. Hasta hoy, blogs gemelos (este y el de <a href=\"http:\/\/www.e-quidam.com\/theblog\" target=\"_blank\">ingl\u00e9s<\/a>), y a partir de hoy, hermanos en busca de su propia identidad. Y es que, aunque yo sea la autora de ambos, me doy cuenta de que las cosas que quiero decir en espa\u00f1ol no siempre son las mismas que en ingl\u00e9s. Con ustedes tengo otro tono, otros intereses, otra voz e idiosincrasia, otras cosas que platicar. As\u00ed que, a veces podr\u00e1n compartirse las entradas, pero no siempre.<\/p>\n<p>Por ejemplo ahora, quiero platicarles mucho de lo que para mi significa participar en el movimiento <a href=\"http:\/\/www.hoydialgobueno.com\" target=\"_blank\">HOY DI ALGO BUENO DE M\u00c9XICO<\/a>. Una iniciativa de Maria Labarrere en la que anticipo participar activamente y compartir con ustedes nuestro inter\u00e9s por generar un cambio de actitud que nos lleve a hablar, con nuestro trabajo e impulso, de lo mucho bueno que tenemos que ofrecer como Mexicanos y como ciudadanos del mundo. Por mi parte quiero contribuir con mi trabajo para:<\/p>\n<p><strong>Reconocer la importancia de la autoestima en la resiliencia. <\/strong>En t\u00e9rminos de la filosof\u00eda de Will Schutz con la que trabajo, la autoestima es la reacci\u00f3n que nos genera la diferencia entre quienes somos y quienes queremos ser. Cuando esa reacci\u00f3n es impulsora de mejoras y no generadora de auto-cr\u00edtica, es el motor m\u00e1s potente para salir adelante ante la adversidad. Tener una buena imagen de ti mismo no es un lujo, sino una decisi\u00f3n clave para el \u00e9xito en todos los \u00e1mbitos. Entre m\u00e1s r\u00e1pido entendamos esto, mejor nos ir\u00e1 y m\u00e1s capaces seremos de sobreponernos a cualquier obst\u00e1culo que se nos presente.<\/p>\n<p><strong>Explorar las Aspiraciones B\u00e1sicas y c\u00f3mo generan Balance.<\/strong> Mi teor\u00eda de aspiraciones toca tres temas principales: Trascendencia, Sabidur\u00eda y Felicidad. Cada uno de ellos representa una aspiraci\u00f3n v\u00e1lida, natural que tenemos todos los seres humanos. Conforme nos aceptamos como personas que aspiran a dejar huella, a entender m\u00e1s su mundo y a vivir con plenitud y gusto lo que hacemos, empezamos a vivir mejor. Esa mejora es notable en todo lo que emprendemos y nos permite tener balance de vida aut\u00e9ntico. M\u00e1s all\u00e1 de cu\u00e1ntas horas invertimos en cada cosa, nuestra vida tiene sentido y nos satisface. Las personas que viven as\u00ed hacen las cosas de una manera mucho m\u00e1s gozosa, efectiva y contagiosa.<\/p>\n<p><strong>Crecer en estima de nuestros semejantes. <\/strong>El tema de otroestima ha ocupado buena parte de mi a\u00f1o despu\u00e9s de la publicaci\u00f3n de mi libro en <a href=\"http:\/\/www.otheresteem.org\" target=\"_blank\">ingl\u00e9s<\/a>, que gener\u00f3 varias entrevistas, escritos, presentaciones, cursos. Falta publicarlo en nuestro idioma y tocar el tema de qu\u00e9 hacemos para construir en nosotros mismos la posibilidad de valorar a otros m\u00e1s. Esta tarea reside en cada uno y representa la diferencia entre tratar a otros con respeto y calidez, creando posibilidades de colaboraci\u00f3n, y seguir fomentando la distancia, las sospechas, la competencia desleal.\u00a0 Todos a\u00f1oramos un cambio en c\u00f3mo nos relacionamos con otros. Es necesario empezar por construirlo cada quien dentro de s\u00ed mismo. Y, cuando se hace, inevitablemente impacta la autoestima de quien ha expresado plenamente su otroestima.<\/p>\n<p>&#8212;&#8212;<\/p>\n<p>Son estos tres grandes temas, de los que he sido y soy apasionada estudiosa, en los que puedo contribuir a este tan noble esfuerzo, que me inspira y al cual me siento honrada de pertenecer. As\u00ed que, se imaginar\u00e1n que me queda mucho por hacer. La tarea es grande pero la enfrentamos con entusiasmo y entrega. No solamente yo, sino todos los que conforman esta iniciativa. Felicito a mis compa\u00f1eros de cometido y a todos los que se vayan integrando al movimiento. Estoy segura de que juntos, haremos una gran diferencia.<\/p>\n<p>\u00bfUstedes qu\u00e9 opinan, lectores?<\/p>\n","protected":false},"excerpt":{"rendered":"<p>Hoy es un d\u00eda hist\u00f3rico para mi. Hoy es el d\u00eda que se separan mis [&hellip;]<\/p>\n","protected":false},"author":1,"featured_media":0,"comment_status":"open","ping_status":"closed","sticky":false,"template":"","format":"standard","meta":{"footnotes":""},"categories":[3],"tags":[37,31,36,26,34,38,6],"class_list":["post-587","post","type-post","status-publish","format-standard","hentry","category-temasinteres","tag-cambio","tag-exito","tag-mexico","tag-motivacion","tag-sabiduria","tag-transformacion","tag-valores"],"_links":{"self":[{"href":"http:\/\/www.e-quidam.com\/elblog\/wp-json\/wp\/v2\/posts\/587","targetHints":{"allow":["GET"]}}],"collection":[{"href":"http:\/\/www.e-quidam.com\/elblog\/wp-json\/wp\/v2\/posts"}],"about":[{"href":"http:\/\/www.e-quidam.com\/elblog\/wp-json\/wp\/v2\/types\/post"}],"author":[{"embeddable":true,"href":"http:\/\/www.e-quidam.com\/elblog\/wp-json\/wp\/v2\/users\/1"}],"replies":[{"embeddable":true,"href":"http:\/\/www.e-quidam.com\/elblog\/wp-json\/wp\/v2\/comments?post=587"}],"version-history":[{"count":4,"href":"http:\/\/www.e-quidam.com\/elblog\/wp-json\/wp\/v2\/posts\/587\/revisions"}],"predecessor-version":[{"id":592,"href":"http:\/\/www.e-quidam.com\/elblog\/wp-json\/wp\/v2\/posts\/587\/revisions\/592"}],"wp:attachment":[{"href":"http:\/\/www.e-quidam.com\/elblog\/wp-json\/wp\/v2\/media?parent=587"}],"wp:term":[{"taxonomy":"category","embeddable":true,"href":"http:\/\/www.e-quidam.com\/elblog\/wp-json\/wp\/v2\/categories?post=587"},{"taxonomy":"post_tag","embeddable":true,"href":"http:\/\/www.e-quidam.com\/elblog\/wp-json\/wp\/v2\/tags?post=587"}],"curies":[{"name":"wp","href":"https:\/\/api.w.org\/{rel}","templated":true}]}}