{"id":611,"date":"2010-08-25T10:59:52","date_gmt":"2010-08-25T16:59:52","guid":{"rendered":"http:\/\/www.e-quidam.com\/elblog\/?p=611"},"modified":"2010-08-25T11:05:09","modified_gmt":"2010-08-25T17:05:09","slug":"la-peor-traicion","status":"publish","type":"post","link":"http:\/\/www.e-quidam.com\/elblog\/la-peor-traicion\/","title":{"rendered":"La peor Traici\u00f3n"},"content":{"rendered":"<figure id=\"attachment_617\" aria-describedby=\"caption-attachment-617\" style=\"width: 200px\" class=\"wp-caption alignleft\"><a href=\"http:\/\/www.ricardomorell.com\/Una_botella_a_la_mar\/Fotograf%C3%ADa\/P%C3%A1ginas\/El_lago.html#4\"><img loading=\"lazy\" decoding=\"async\" class=\"size-medium wp-image-617\" title=\"DSC00184 (1)\" src=\"http:\/\/www.e-quidam.com\/elblog\/wp-content\/uploads\/2010\/08\/DSC00184-1-200x300.jpg\" alt=\"Mi esposa\" width=\"200\" height=\"300\" srcset=\"http:\/\/www.e-quidam.com\/elblog\/wp-content\/uploads\/2010\/08\/DSC00184-1-200x300.jpg 200w, http:\/\/www.e-quidam.com\/elblog\/wp-content\/uploads\/2010\/08\/DSC00184-1-100x150.jpg 100w, http:\/\/www.e-quidam.com\/elblog\/wp-content\/uploads\/2010\/08\/DSC00184-1-400x598.jpg 400w, http:\/\/www.e-quidam.com\/elblog\/wp-content\/uploads\/2010\/08\/DSC00184-1.jpg 535w\" sizes=\"auto, (max-width: 200px) 100vw, 200px\" \/><\/a><figcaption id=\"caption-attachment-617\" class=\"wp-caption-text\">fotograf\u00eda de R Morell<\/figcaption><\/figure>\n<p>S\u00ed, tambi\u00e9n en el trabajo: la peor traici\u00f3n es a ti mismo. Pi\u00e9nsalo. Si crees que lo que \u00abtienes que hacer\u00bb en el \u00e1mbito laboral no se reflejar\u00e1 en tu vida personal, est\u00e1s profundamente equivocado. La \u00e9tica que te mueve en las negociaciones profesionales es la misma que alimenta &#8211; o mata &#8211; tu esp\u00edritu. Es la misma que permeas a tus hijos, tus amistades y a la gente que te admira y respeta, tarde o temprano. Todos nos hemos visto muchas veces ante el dilema de hacer lo correcto o \u00abganar\u00bb. Entre hacer lo que considero sano y lo que me est\u00e1 pidiendo la organizaci\u00f3n, el cliente, el mercado, el entorno.<\/p>\n<p>Pregunta por ah\u00ed. No vale la pena perderse en el camino. Aunque ahora parezca que el mundo es de los que est\u00e1n dispuestos a sacrificarlo todo, hasta la propia \u00e9tica, no es as\u00ed. Considera que aunque el mundo fuera tuyo, no ser\u00eda necesariamente un mundo en el que quisieras vivir. La postura \u00e9tica y la defensa de lo correcto, lo sano, lo constructivo, no es una posici\u00f3n moral: es una estrategia s\u00f3lida y sostenible en el tiempo.<\/p>\n<p>Pero eso no es todo. Adem\u00e1s sucede algo en tu interior cuando te mantienes fiel a tus principios. Algo sutil en un inicio pero inmensamente liberador a la larga. Tu energ\u00eda personal, en lugar de estar invertida en sostener las mentiras, en cubrir las verguenzas y en \u00abadministrar\u00bb las relaciones, estar\u00e1 disponible para tus proyectos m\u00e1s queridos, para tus esfuerzos productivos. Para laborar. Y amar. Y compartir. Y crear. Y producir cosas, ideas y proyectos que valen la pena. Para ti y para otros.\u00a0 \u00bfNo es as\u00ed como te gustar\u00eda vivir?<\/p>\n<p>Cuando toco este tema (quiz\u00e1s hayas notado que me apasiona) nunca falta el que empieza a sentir una profunda tristeza. Una especie de sensaci\u00f3n de vac\u00edo. Hay quienes sienten que ya se han hundido demasiado para salir y que no hay nada que hacer. Centran sus esfuerzos en no ser descubiertos o en buscar formas de justificar lo que han hecho ante s\u00ed mismos y los dem\u00e1s. En realidad, esta exploraci\u00f3n no se trata de quedar bien con nadie, sino de escucharse a s\u00ed mismo y corregir el curso. Nunca es tarde. Lo hecho est\u00e1 hecho, pero todo pozo, por profundo que sea, que hayamos constru\u00eddo tiene una salida.<\/p>\n<p>Lo que ocurre es que resulta abrumador quererlo resolver todo de una buena vez. En ocasiones se puede, pero no en la mayor\u00eda de los casos. La toma de conciencia puede ser dolorosa, pero lo ser\u00e1 cada vez menos si empezamos a movernos en la direcci\u00f3n correcta. Espera la pr\u00f3xima vez y haz lo correcto. Observa c\u00f3mo te sientes. Considera el efecto inmediato y el de largo plazo.\u00a0 Busca formas creativas de operar que te acerquen a tu ideal, aunque sea un poco.<\/p>\n<p>Los resultados pueden sorprenderte. Independientemente de lo que suceda fuera de ti, sentir\u00e1s renovadas energ\u00edas para todo lo que quieras hacer en lugar de esa tensi\u00f3n cont\u00ednua que t\u00e1ntos compartimos. Mal de muchos, consuelo de tontos. \u00bfNo crees?<\/p>\n<p><object style=\"width: 425px; height: 350px;\" classid=\"clsid:d27cdb6e-ae6d-11cf-96b8-444553540000\" width=\"425\" height=\"350\" codebase=\"http:\/\/download.macromedia.com\/pub\/shockwave\/cabs\/flash\/swflash.cab#version=6,0,40,0\"><param name=\"play\" value=\"false\" \/><param name=\"src\" value=\"http:\/\/www.youtube.com\/v\/hTyP9hNtHe8\" \/><param name=\"align\" value=\"right\" \/><embed style=\"width: 425px; height: 350px;\" type=\"application\/x-shockwave-flash\" width=\"425\" height=\"350\" src=\"http:\/\/www.youtube.com\/v\/hTyP9hNtHe8\" align=\"right\" play=\"false\"><\/embed><\/object><\/p>\n","protected":false},"excerpt":{"rendered":"<p>S\u00ed, tambi\u00e9n en el trabajo: la peor traici\u00f3n es a ti mismo. Pi\u00e9nsalo. Si crees [&hellip;]<\/p>\n","protected":false},"author":1,"featured_media":0,"comment_status":"open","ping_status":"closed","sticky":false,"template":"","format":"standard","meta":{"footnotes":""},"categories":[3,4],"tags":[30,20,5,31,26,34],"class_list":["post-611","post","type-post","status-publish","format-standard","hentry","category-temasinteres","category-vida-organizacional","tag-autenticidad","tag-desarrollo","tag-etica","tag-exito","tag-motivacion","tag-sabiduria"],"_links":{"self":[{"href":"http:\/\/www.e-quidam.com\/elblog\/wp-json\/wp\/v2\/posts\/611","targetHints":{"allow":["GET"]}}],"collection":[{"href":"http:\/\/www.e-quidam.com\/elblog\/wp-json\/wp\/v2\/posts"}],"about":[{"href":"http:\/\/www.e-quidam.com\/elblog\/wp-json\/wp\/v2\/types\/post"}],"author":[{"embeddable":true,"href":"http:\/\/www.e-quidam.com\/elblog\/wp-json\/wp\/v2\/users\/1"}],"replies":[{"embeddable":true,"href":"http:\/\/www.e-quidam.com\/elblog\/wp-json\/wp\/v2\/comments?post=611"}],"version-history":[{"count":13,"href":"http:\/\/www.e-quidam.com\/elblog\/wp-json\/wp\/v2\/posts\/611\/revisions"}],"predecessor-version":[{"id":626,"href":"http:\/\/www.e-quidam.com\/elblog\/wp-json\/wp\/v2\/posts\/611\/revisions\/626"}],"wp:attachment":[{"href":"http:\/\/www.e-quidam.com\/elblog\/wp-json\/wp\/v2\/media?parent=611"}],"wp:term":[{"taxonomy":"category","embeddable":true,"href":"http:\/\/www.e-quidam.com\/elblog\/wp-json\/wp\/v2\/categories?post=611"},{"taxonomy":"post_tag","embeddable":true,"href":"http:\/\/www.e-quidam.com\/elblog\/wp-json\/wp\/v2\/tags?post=611"}],"curies":[{"name":"wp","href":"https:\/\/api.w.org\/{rel}","templated":true}]}}