{"id":722,"date":"2011-03-07T05:25:16","date_gmt":"2011-03-07T11:25:16","guid":{"rendered":"http:\/\/www.e-quidam.com\/elblog\/?p=722"},"modified":"2011-03-07T05:29:55","modified_gmt":"2011-03-07T11:29:55","slug":"incluir-para-inspirar","status":"publish","type":"post","link":"http:\/\/www.e-quidam.com\/elblog\/incluir-para-inspirar\/","title":{"rendered":"Incluir para Inspirar"},"content":{"rendered":"<p><a href=\"http:\/\/www.e-quidam.com\/elblog\/wp-content\/uploads\/2011\/03\/bigstock_Close-up_of_several_human_palm_13785710.jpg\"><img loading=\"lazy\" decoding=\"async\" class=\"alignleft size-medium wp-image-727\" style=\"margin-right: 8px;\" title=\"bigstock_Close-up_of_several_human_palm_13785710\" src=\"http:\/\/www.e-quidam.com\/elblog\/wp-content\/uploads\/2011\/03\/bigstock_Close-up_of_several_human_palm_13785710-300x200.jpg\" alt=\"\" width=\"300\" height=\"200\" srcset=\"http:\/\/www.e-quidam.com\/elblog\/wp-content\/uploads\/2011\/03\/bigstock_Close-up_of_several_human_palm_13785710-300x200.jpg 300w, http:\/\/www.e-quidam.com\/elblog\/wp-content\/uploads\/2011\/03\/bigstock_Close-up_of_several_human_palm_13785710-150x100.jpg 150w, http:\/\/www.e-quidam.com\/elblog\/wp-content\/uploads\/2011\/03\/bigstock_Close-up_of_several_human_palm_13785710-400x266.jpg 400w, http:\/\/www.e-quidam.com\/elblog\/wp-content\/uploads\/2011\/03\/bigstock_Close-up_of_several_human_palm_13785710.jpg 900w\" sizes=\"auto, (max-width: 300px) 100vw, 300px\" \/><\/a>Hablemos un poco de inspirar a otros en el \u00e1mbito del trabajo. Me sorprende mucho cuando alguien que de coraz\u00f3n quiere ser una inspiraci\u00f3n para los dem\u00e1s y lo hace calladamente, sin incluir a nadie m\u00e1s en sus planes. Es cierto, una vida extraordinariamente vivida puede resultar inspiradora, pero \u00bfNo ser\u00e1 mejor acercarse a las personas por quienes trabajas? Hay que ser algo m\u00e1s que ejemplar para contagiar tu visi\u00f3n y movilizar a las personas. De lo contrario, podr\u00edas inspirar a otros solo despu\u00e9s de tu muerte o tu partida. \u00a1Cu\u00e1ntas veces apreciamos a nuestros colegas o jefes solamente al empezar a sentir su ausencia! \u00a1Que buenos eran!<\/p>\n<p>No creo que sea un mal cometido querer movilizar a tu equipo, tu organizaci\u00f3n o tu sociedad a trav\u00e9s de la inspiraci\u00f3n. En realidad, no se trata de que t\u00fa seas perfecto o impecablemente ejemplar. Solamente de que creas en lo que representas y te esfuerces sinceramente por avanzar en tu contribuci\u00f3n al mundo. \u00a1Qu\u00e9 mejor si tienes pensado hacerlo en compa\u00f1\u00eda de otros! Algunos inclusive, no contemplan esto como un elemento de liderazgo, pero la inspiraci\u00f3n es un fuerte motivador para que otros te sigan.<\/p>\n<p>\u00bfQue tan natural y atractivo te parece convertirte en una inspiraci\u00f3n para los dem\u00e1s? Resulta que cuando alguien empieza a comprender su capacidad para inspirar a otros, no siempre se da cuenta de cu\u00e1n importante es incluirlos activamente. Al menos una servidora se ha topado con personas valiosas e inteligentes que a\u00fan no hacen la conexi\u00f3n entre inclusi\u00f3n e inspiraci\u00f3n. Que se sorprenden de que otros \u00abno entiendan\u00bb su visi\u00f3n, o no est\u00e9n desfilando gozosamente en el camino que han trazado para ellos. \u00a0Que se han saltado la parte de hacer part\u00edcipes a sus cong\u00e9neres y han ido directamente a ejercer el control de la situaci\u00f3n, porque es algo que \u00abalguien tiene que hacer\u00bb y se han identificado a s\u00ed mismos como m\u00e1rtires o h\u00e9roes del futuro. \u00a1Cu\u00e1nta batalla sin sentido! \u00a1Cu\u00e1nta soledad innecesaria y dificultad artificial! Inspirar a otros, e <a title=\"Autoliderazgo\" href=\"http:\/\/www.e-quidam.com\/elblog\/?p=141\" target=\"_blank\">inspirarte a t\u00ed mismo<\/a>, requiere &#8211; como toda acci\u00f3n humana relevante &#8211; de reflexi\u00f3n, acci\u00f3n y constancia. Aqu\u00ed, un par de puntos a considerar.<\/p>\n<p><strong>Inspirar no significa que t\u00fa eres lo m\u00e1ximo y debas creerte superior a tus semejantes.<\/strong> La paradoja para quienes lo entienden as\u00ed es que, si tienen \u00e9xito, generan m\u00e1s dependencia que inspiraci\u00f3n. Despu\u00e9s de todo, puedes ser muy admirado y respetado, sin mover a otros a ir hombro con hombro en pos de tu causa. El hecho de que alguien tenga un mont\u00f3n de seguidores poco reflexivos y muy enfocados a ensalzar a su l\u00edder no implica que se sientan inspirados a la acci\u00f3n. De hecho, \u00e9sa es una receta para crear un grupo de alto mantenimiento. \u00a0Si \u00abinspiras\u00bb a los dem\u00e1s a preguntarte continuamente qu\u00e9 paso sigue tendr\u00e1s muchas presiones por delante e inevitablemente, detractores que antes eran incondicionales.<\/p>\n<p><strong>La verdadera inspiraci\u00f3n despierta en otros un sentido de posibilidad.<\/strong> Esa variedad de inspiraci\u00f3n que les hace sentirse capaces de participar en algo significativo. Trascendente. Algo en lo que cada uno de ellos es instrumental. Si quieres inspirar a otros a moverse de donde est\u00e1n, comparte tu pasi\u00f3n, tu compromiso, tu visi\u00f3n desde el inicio. Piensa m\u00e1s en contagiar que en controlar. \u00a0Es dif\u00edcil no sentirse inspirado por alguien que d\u00eda a d\u00eda se esfuerza por ser la persona que puede hacer realidad lo que ha imaginado. Sobre todo si ese alguien se ve logr\u00e1ndolo en compa\u00f1\u00eda de gente como t\u00fa. Si ese alguien te ve en sus planes y t\u00fa tambi\u00e9n te ves.<\/p>\n<p>As\u00ed que si quieres inspirar en vida, enf\u00f3cate a incluir a los que te rodean. H\u00e1blales cotidianamente de tu visi\u00f3n. Comparte tu entusiasmo. Encuentra formas de hacerlos part\u00edcipes. Y de preferencia, no lo veas como una carga personal, sino como una oportunidad de encontrarte con otros.<\/p>\n<blockquote><p>La soledad del l\u00edder no es una sentencia. Es solo el resultado de adherirse a un estilo de liderazgo que no inspira, no moviliza, no incluye.<\/p><\/blockquote>\n","protected":false},"excerpt":{"rendered":"<p>Hablemos un poco de inspirar a otros en el \u00e1mbito del trabajo. Me sorprende mucho [&hellip;]<\/p>\n","protected":false},"author":1,"featured_media":727,"comment_status":"open","ping_status":"closed","sticky":false,"template":"","format":"standard","meta":{"footnotes":""},"categories":[7,3,4],"tags":[33,25,22,24,79,26,14,6],"class_list":["post-722","post","type-post","status-publish","format-standard","has-post-thumbnail","hentry","category-liderazgo","category-temasinteres","category-vida-organizacional","tag-aspiraciones","tag-energia","tag-engagement","tag-equipo","tag-liderazgo","tag-motivacion","tag-servicio","tag-valores"],"_links":{"self":[{"href":"http:\/\/www.e-quidam.com\/elblog\/wp-json\/wp\/v2\/posts\/722","targetHints":{"allow":["GET"]}}],"collection":[{"href":"http:\/\/www.e-quidam.com\/elblog\/wp-json\/wp\/v2\/posts"}],"about":[{"href":"http:\/\/www.e-quidam.com\/elblog\/wp-json\/wp\/v2\/types\/post"}],"author":[{"embeddable":true,"href":"http:\/\/www.e-quidam.com\/elblog\/wp-json\/wp\/v2\/users\/1"}],"replies":[{"embeddable":true,"href":"http:\/\/www.e-quidam.com\/elblog\/wp-json\/wp\/v2\/comments?post=722"}],"version-history":[{"count":8,"href":"http:\/\/www.e-quidam.com\/elblog\/wp-json\/wp\/v2\/posts\/722\/revisions"}],"predecessor-version":[{"id":731,"href":"http:\/\/www.e-quidam.com\/elblog\/wp-json\/wp\/v2\/posts\/722\/revisions\/731"}],"wp:featuredmedia":[{"embeddable":true,"href":"http:\/\/www.e-quidam.com\/elblog\/wp-json\/wp\/v2\/media\/727"}],"wp:attachment":[{"href":"http:\/\/www.e-quidam.com\/elblog\/wp-json\/wp\/v2\/media?parent=722"}],"wp:term":[{"taxonomy":"category","embeddable":true,"href":"http:\/\/www.e-quidam.com\/elblog\/wp-json\/wp\/v2\/categories?post=722"},{"taxonomy":"post_tag","embeddable":true,"href":"http:\/\/www.e-quidam.com\/elblog\/wp-json\/wp\/v2\/tags?post=722"}],"curies":[{"name":"wp","href":"https:\/\/api.w.org\/{rel}","templated":true}]}}