{"id":749,"date":"2011-03-24T07:05:00","date_gmt":"2011-03-24T13:05:00","guid":{"rendered":"http:\/\/www.e-quidam.com\/elblog\/?p=749"},"modified":"2011-03-24T07:07:53","modified_gmt":"2011-03-24T13:07:53","slug":"idiomas-e-ideas","status":"publish","type":"post","link":"http:\/\/www.e-quidam.com\/elblog\/idiomas-e-ideas\/","title":{"rendered":"Idiomas e Ideas."},"content":{"rendered":"<p><a href=\"http:\/\/www.e-quidam.com\/elblog\/wp-content\/uploads\/2011\/03\/bigstock_Trendy_Singer_687415.jpg\"><img loading=\"lazy\" decoding=\"async\" class=\"alignleft size-medium wp-image-757\" title=\"bigstock_Trendy_Singer_687415\" src=\"http:\/\/www.e-quidam.com\/elblog\/wp-content\/uploads\/2011\/03\/bigstock_Trendy_Singer_687415-200x300.jpg\" alt=\"\" width=\"200\" height=\"300\" srcset=\"http:\/\/www.e-quidam.com\/elblog\/wp-content\/uploads\/2011\/03\/bigstock_Trendy_Singer_687415-200x300.jpg 200w, http:\/\/www.e-quidam.com\/elblog\/wp-content\/uploads\/2011\/03\/bigstock_Trendy_Singer_687415-100x150.jpg 100w, http:\/\/www.e-quidam.com\/elblog\/wp-content\/uploads\/2011\/03\/bigstock_Trendy_Singer_687415-400x600.jpg 400w, http:\/\/www.e-quidam.com\/elblog\/wp-content\/uploads\/2011\/03\/bigstock_Trendy_Singer_687415.jpg 600w\" sizes=\"auto, (max-width: 200px) 100vw, 200px\" \/><\/a>Ayer me acusaron de que mi comunicaci\u00f3n relacionada con <a title=\"Quidam Global\" href=\"http:\/\/www.quidamglobal.com\" target=\"_blank\">Qu\u00eddam<\/a> es muy gringa. \ud83d\ude42 Buen punto. Todo porque uso muchos llamados a la acci\u00f3n como \u00abVen a disfrutar de buen jazz y liderazgo\u00bb o \u00abVisita los sitios de nuestro equipo\u00bb. Re\u00ed con fuerza ante el comentario. Hace un par de a\u00f1os me hubiera molestado bastante, pero las cosas han cambiado. Lo acepto: tengo mucho de cultura norteamericana. Nac\u00ed del otro lado del r\u00edo y muy al norte de \u00e9ste. Mis primeros a\u00f1os de escuela se vivieron all\u00e1 y muchos m\u00e1s en el <a title=\"American School en Monterrey\" href=\"http:\/\/www.asfm.edu.mx\/\" target=\"_blank\">Colegio Americano de Monterrey<\/a>. Y el ingl\u00e9s sigue siendo el lenguaje de los negocios. No est\u00e1 mal.<\/p>\n<p>Tambi\u00e9n tengo vena Espa\u00f1ola. Me viene de parte de padre y por mis abuelos, uno Sevillano y la otra Madrile\u00f1a. Lo mismo puedo reirme de chistes de querubines que no se sientan porque \u00abno tienen culito\u00bb que enamorarme de la idea <a title=\"PORTAL anterior, Will Schutz\" href=\"http:\/\/www.e-quidam.com\/bioschutz.html\" target=\"_blank\">Schutziana<\/a> de la apertura con m\u00e1s facilidad que si fuera oriunda del Distrito Federal en lugar de chilanga adoptiva. \u00a0Siempre me jacto de que el idioma espa\u00f1ol sirve m\u00e1s para describir cosas espec\u00edficas y tiene una riqueza que permite ser claros. Me fascina nuestro idioma. Y me encuentro expres\u00e1ndome &#8211; a\u00fan con lo que mi colega not\u00f3 ayer &#8211; de manera muy distinta cuando uso el espa\u00f1ol. As\u00ed es como tengo dos cuentas de <a title=\"En espa\u00f1ol\" href=\"http:\/\/www.twitter.com\/monediaz\" target=\"_blank\">Twitter<\/a> y <a title=\"Juntos, pero no Revueltos\" href=\"http:\/\/www.e-quidam.com\/elblog\/?p=587\" target=\"_blank\">separ\u00e9 los blogs<\/a> porque sent\u00eda que hab\u00eda otra voz queriendo salir de mi.<\/p>\n<p>La m\u00fasica y mi voz cantante parecen para mi un idioma m\u00e1s. Hay cosas que no s\u00e9 expresar si no es cantando. Y, s\u00ed, por si lo sospechan, hay ocasiones en que me gustar\u00eda arrancarme en la mayor, como si estuviera en un musical. Aunque, en general, me aguanto si estamos en una sala de juntas o en medio de un curso. Y no me aguanto si puedo evitarlo o compartir algunas estrofas alegando \u00abcomo dice la canci\u00f3n\u00bb. \u00a0Es po\u00e9tico. M\u00e1s conciso y claro as\u00ed. Mis pobres receptores de coaching lo sufren de vez en vez.<\/p>\n<p>Lo visual es otro idioma m\u00e1s. Me sonr\u00edo cada vez que voy a dar una conferencia y los organizadores me piden que les mande las l\u00e1minas que proyectar\u00e9 para incluirlas en las memorias. Se extra\u00f1an mucho ante mi negativa y ya me acostumbr\u00e9 a preparar art\u00edculos acompa\u00f1antes para repartir a los asistentes. Esto porque las susodichas l\u00e1minas son puras im\u00e1genes, por lo general fotograf\u00edas. Uso muy pocas palabras y listas en ellas por lo que, si las incluyen en las memorias, se ver\u00e1n lindas pero no aportar\u00e1n gran cosa al c\u00famulo de informaci\u00f3n que los organizadores esperan recolectar en ellas.<\/p>\n<p>Soy un poco rara. (Prefiero la palabra singular, por cierto.) Pero tampoco tanto como para que lo notes de inmediato. Cada lenguaje aporta algo a mi pensamiento y me permite observar cosas que los otros ocultan. El otro d\u00eda hablaba con una colega europea y le dec\u00eda que en espa\u00f1ol no confundimos con tanta facilidad el liderazgo con la posici\u00f3n de autoridad, la jefatura. Porque tenemos palabras separadas y el jefe no es necesariamente el l\u00edder. Sabemos de inmediato que el l\u00edder inspira y mueve a la acci\u00f3n y que al jefe hay que hacerle caso porque nos puede correr. Perdemos menos tiempo distingui\u00e9ndolos y tenemos m\u00e1s oportunidad de explorar ambos roles, ya sea que se den en una misma persona o no.<\/p>\n<p>As\u00ed que no aspiro a dejar de ser Estadounidense o Mexicana o Espa\u00f1ola, cantante, escritora y dem\u00e1s. Ahora tambi\u00e9n me he convertido en \u00abtwitera\u00bb, \u00abbloguera\u00bb, \u00abfacebookera\u00bb, \u00ablinkedinera\u00bb y &#8211; aunque esas no sean palabras &#8211; s\u00ed requieren cada una de ellas de un distinto tren de pensamiento. Sospecho que para muchos tambi\u00e9n les aporta un idioma espec\u00edfico el ser ejecutivo, o banquero o pap\u00e1 o golfista.<\/p>\n<blockquote><p>\u00bfT\u00fa qu\u00e9 idiomas usas? \u00bfC\u00f3mo contribuyen a tu d\u00eda con d\u00eda y c\u00f3mo piensas integrarlos para enriquecer tu vida?<\/p><\/blockquote>\n","protected":false},"excerpt":{"rendered":"<p>Ayer me acusaron de que mi comunicaci\u00f3n relacionada con Qu\u00eddam es muy gringa. \ud83d\ude42 Buen [&hellip;]<\/p>\n","protected":false},"author":1,"featured_media":757,"comment_status":"open","ping_status":"closed","sticky":false,"template":"","format":"standard","meta":{"footnotes":""},"categories":[3],"tags":[30,43,42,79,36,41],"class_list":["post-749","post","type-post","status-publish","format-standard","has-post-thumbnail","hentry","category-temasinteres","tag-autenticidad","tag-expresion","tag-idiomas","tag-liderazgo","tag-mexico","tag-pensamiento"],"_links":{"self":[{"href":"http:\/\/www.e-quidam.com\/elblog\/wp-json\/wp\/v2\/posts\/749","targetHints":{"allow":["GET"]}}],"collection":[{"href":"http:\/\/www.e-quidam.com\/elblog\/wp-json\/wp\/v2\/posts"}],"about":[{"href":"http:\/\/www.e-quidam.com\/elblog\/wp-json\/wp\/v2\/types\/post"}],"author":[{"embeddable":true,"href":"http:\/\/www.e-quidam.com\/elblog\/wp-json\/wp\/v2\/users\/1"}],"replies":[{"embeddable":true,"href":"http:\/\/www.e-quidam.com\/elblog\/wp-json\/wp\/v2\/comments?post=749"}],"version-history":[{"count":11,"href":"http:\/\/www.e-quidam.com\/elblog\/wp-json\/wp\/v2\/posts\/749\/revisions"}],"predecessor-version":[{"id":761,"href":"http:\/\/www.e-quidam.com\/elblog\/wp-json\/wp\/v2\/posts\/749\/revisions\/761"}],"wp:featuredmedia":[{"embeddable":true,"href":"http:\/\/www.e-quidam.com\/elblog\/wp-json\/wp\/v2\/media\/757"}],"wp:attachment":[{"href":"http:\/\/www.e-quidam.com\/elblog\/wp-json\/wp\/v2\/media?parent=749"}],"wp:term":[{"taxonomy":"category","embeddable":true,"href":"http:\/\/www.e-quidam.com\/elblog\/wp-json\/wp\/v2\/categories?post=749"},{"taxonomy":"post_tag","embeddable":true,"href":"http:\/\/www.e-quidam.com\/elblog\/wp-json\/wp\/v2\/tags?post=749"}],"curies":[{"name":"wp","href":"https:\/\/api.w.org\/{rel}","templated":true}]}}