{"id":792,"date":"2011-08-06T12:29:26","date_gmt":"2011-08-06T18:29:26","guid":{"rendered":"http:\/\/www.e-quidam.com\/elblog\/?p=792"},"modified":"2011-08-06T12:29:26","modified_gmt":"2011-08-06T18:29:26","slug":"el-espacio-fisico-y-la-productividad","status":"publish","type":"post","link":"http:\/\/www.e-quidam.com\/elblog\/el-espacio-fisico-y-la-productividad\/","title":{"rendered":"EL Espacio f\u00edsico y la Productividad."},"content":{"rendered":"<p><img loading=\"lazy\" decoding=\"async\" class=\"alignleft size-medium wp-image-795\" style=\"margin-top: 6px; margin-bottom: 6px;\" title=\"bigstock_Businesswoman_At_Beach_180939\" src=\"http:\/\/www.e-quidam.com\/elblog\/wp-content\/uploads\/2011\/08\/bigstock_Businesswoman_At_Beach_180939-300x200.jpg\" alt=\"\" width=\"300\" height=\"200\" srcset=\"http:\/\/www.e-quidam.com\/elblog\/wp-content\/uploads\/2011\/08\/bigstock_Businesswoman_At_Beach_180939-300x200.jpg 300w, http:\/\/www.e-quidam.com\/elblog\/wp-content\/uploads\/2011\/08\/bigstock_Businesswoman_At_Beach_180939-150x100.jpg 150w, http:\/\/www.e-quidam.com\/elblog\/wp-content\/uploads\/2011\/08\/bigstock_Businesswoman_At_Beach_180939-400x266.jpg 400w, http:\/\/www.e-quidam.com\/elblog\/wp-content\/uploads\/2011\/08\/bigstock_Businesswoman_At_Beach_180939.jpg 900w\" sizes=\"auto, (max-width: 300px) 100vw, 300px\" \/>Es cierto: el espacio a nuestro al rededor impacta fuertemente en nuestra capacidad de producir y de dar lo mejor de nosotros mismos en el trabajo. Y, aunque puede ser tan individual como diverso el tipo de espacio en el que nos movemos mejor, hay algunos puntos por considerar. Anoche reflexionaba de esto en el taller que estoy dando porque a los facilitadores de El Elemento Humano\u00ae nos hablan de las diferencias entre tener una sesi\u00f3n de grupo en c\u00edrculo o una estilo auditorio. Las interacciones cambian sensiblemente cuando todos se pueden ver unos a otros. Tambi\u00e9n es distinto si el grupo es peque\u00f1o &#8211; de 2 o tres personas &#8211; o mayor, de 6 a 8 o 10 y si se sientan en el piso o en sillas, con mesa delante o sin ella.<\/p>\n<p>Para el trabajo diario, lo ideal es que haya variedad de opciones y que tu espacio fijo invite a lo que t\u00fa tienes que hacer. Lejos de eso, muchas organizaciones se dejan llevar por las convenciones o ideas preconcebidas de lo que debe ser el espacio profesional. Recuerdo que hace a\u00f1os mi esposo, quien era directivo en el Tec de Monterrey, ten\u00eda tantas juntas afuera, en la bardita de junto al edificio, que dentro. Esas reuniones exteriores eran m\u00e1s coloquiales, m\u00e1s \u00edntimas y privadas, m\u00e1s creativas que las formales en la sala de juntas o frente a su escritorio.<\/p>\n<p>Tambi\u00e9n recuerdo hace tiempo a un cliente de coaching que odiaba su oficina. Era muy linda y elegante, pero en su empresa estaba prohibido cambiar los cuadros y objetos decorativos porque guardaban un estilo particular en todo el edificio. Lo m\u00e1s que pod\u00edan hacer los directivos es escoger de un cat\u00e1logo de cuadros cu\u00e1l ir\u00eda en su oficina. La persona en cuesti\u00f3n odiaba tanto su lugar asignado que pasaba muy poco tiempo en \u00e9l, visitando a sus colaboradores a menudo y andando por los pasillos. Como era de esperarse, su relaci\u00f3n con el equipo se fortaleci\u00f3, pero sus ideas originales, su trabajo reflexivo y su individualidad sufrieron. Como amaba muchos aspectos de su trabajo, decidi\u00f3 simplemente voltear un poco su silla para ver hacia las fotos de sus hijos y unas plantas &#8211; de las permitidas &#8211; que hab\u00eda puesto en su lugar. Era su \u00abpose de pensar\u00bb y pronto el equipo sab\u00eda que si estaba volteado hacia all\u00e1, era mejor regresar m\u00e1s tarde.<\/p>\n<p>Ahora, hablemos de ti. Considera el espacio en el que hoy laboras. Si\u00e9ntate en \u00e9l. Mira a tu alrededor y nota si te sientes a gusto, con ganas de trabajar, energizado. Piensa si hay algo que est\u00e1 en tu poder cambiar y que podr\u00eda hacer la diferencia. \u00bfOtra silla? \u00bfMirar en otra direcci\u00f3n? \u00bfUn cuadro u objeto simb\u00f3lico para ti? \u00bfMenos distracciones? \u00bfM\u00e1s belleza? Hacer tuyo el espacio es importante.<\/p>\n<p>En tu entorno de trabajo tambi\u00e9n vale la pena considerar qu\u00e9 cambios requiere tu espacio para cuando:<\/p>\n<ul>\n<li>Quieres ser m\u00e1s creativo<\/li>\n<li>Necesitas aislarte<\/li>\n<li>Requieres colaborar con otros<\/li>\n<li>Debes tomar una decisi\u00f3n<\/li>\n<li>Te sientes sobrecargado<\/li>\n<\/ul>\n<div>Si tu espacio habitual no provee estas opciones. \u00bfPuedes moverte? \u00bfTienes alguna manera de transplantarte a un espacio m\u00e1s productivo? Espero sus comentarios aqu\u00ed para continuar explorando el tema juntos.<\/div>\n","protected":false},"excerpt":{"rendered":"<p>Es cierto: el espacio a nuestro al rededor impacta fuertemente en nuestra capacidad de producir [&hellip;]<\/p>\n","protected":false},"author":1,"featured_media":795,"comment_status":"open","ping_status":"closed","sticky":false,"template":"","format":"standard","meta":{"footnotes":""},"categories":[9,3],"tags":[],"class_list":["post-792","post","type-post","status-publish","format-standard","has-post-thumbnail","hentry","category-productividad","category-temasinteres"],"_links":{"self":[{"href":"http:\/\/www.e-quidam.com\/elblog\/wp-json\/wp\/v2\/posts\/792","targetHints":{"allow":["GET"]}}],"collection":[{"href":"http:\/\/www.e-quidam.com\/elblog\/wp-json\/wp\/v2\/posts"}],"about":[{"href":"http:\/\/www.e-quidam.com\/elblog\/wp-json\/wp\/v2\/types\/post"}],"author":[{"embeddable":true,"href":"http:\/\/www.e-quidam.com\/elblog\/wp-json\/wp\/v2\/users\/1"}],"replies":[{"embeddable":true,"href":"http:\/\/www.e-quidam.com\/elblog\/wp-json\/wp\/v2\/comments?post=792"}],"version-history":[{"count":3,"href":"http:\/\/www.e-quidam.com\/elblog\/wp-json\/wp\/v2\/posts\/792\/revisions"}],"predecessor-version":[{"id":796,"href":"http:\/\/www.e-quidam.com\/elblog\/wp-json\/wp\/v2\/posts\/792\/revisions\/796"}],"wp:featuredmedia":[{"embeddable":true,"href":"http:\/\/www.e-quidam.com\/elblog\/wp-json\/wp\/v2\/media\/795"}],"wp:attachment":[{"href":"http:\/\/www.e-quidam.com\/elblog\/wp-json\/wp\/v2\/media?parent=792"}],"wp:term":[{"taxonomy":"category","embeddable":true,"href":"http:\/\/www.e-quidam.com\/elblog\/wp-json\/wp\/v2\/categories?post=792"},{"taxonomy":"post_tag","embeddable":true,"href":"http:\/\/www.e-quidam.com\/elblog\/wp-json\/wp\/v2\/tags?post=792"}],"curies":[{"name":"wp","href":"https:\/\/api.w.org\/{rel}","templated":true}]}}